{"id":1023,"date":"2014-01-25T21:26:13","date_gmt":"2014-01-25T20:26:13","guid":{"rendered":"http:\/\/ffw-neuhaus.de\/?p=1023"},"modified":"2014-01-28T08:24:35","modified_gmt":"2014-01-28T07:24:35","slug":"dienst-und-generalversammlung","status":"publish","type":"post","link":"http:\/\/ffw-neuhaus.de\/?p=1023","title":{"rendered":"Dienst- und Generalversammlung"},"content":{"rendered":"<h1>Kommandant geht als Brandmeister in die n\u00e4chste Legislaturperiode<\/h1>\n<h3>Andreas Bogner genauso wie sein Stellvertreter Thomas Wilhelm im Amt best\u00e4tigt \u2013 Feuerwehr im Top-Zustand<\/h3>\n<p>Neuhaus\u00a0<b>(mlb)\u00a0<\/b>Die Dienstversammlung der Neuhauser Feuerwehr vergangenen Freitag im Lingl-Saal wurde,\u00a0\u00a0wie erster B\u00fcrgermeister Andreas Meier es formulierte, zum Abend der \u00dcberraschungen. Zuerst erfreute erster Kommandant Andreas Bogner seine Kameraden mit der spontanen Anschaffung einer W\u00e4rmebildkamera, die bereits ab Mitte Februar einsatzbereit sein wird, danach wurde der Leiter der Wehr selbst von Meier \u00fcberrascht. Mit einem \u201eEhre, wem Ehre geb\u00fchrt!\u201c ernannte das Stadtoberhaupt Andreas Bogner aufgrund seiner beachtlichen Leistungen um die Neuhauser Wehr zum Brandmeister. Meier erinnerte dabei an dessen Engagement im Zuge der Neuanschaffung der beiden Feuerwehrfahrzeuge im vergangenen Jahr und seinen immerw\u00e4hrenden Einsatz f\u00fcr die Kameraden vor Ort. Zugleich dankte er allen, die in den vergangenen Jahren ihren Beitrag dazu geleistet h\u00e4tten, dass die Truppe aktuell mannschafts- und ausstattungsm\u00e4\u00dfig in einem Top Zustand sei. Die anschlie\u00dfende Wahl des F\u00fchrungskreises spricht daf\u00fcr, dass sich an dieser erfreulichen Situation auch in den n\u00e4chsten sechs Jahren nicht viel \u00e4ndern wird. So wurden neben den beiden Kommandanten Andreas Bogner und Thomas Wilhelm auch der Ger\u00e4tewart Thomas Kreinh\u00f6fner, der Atemschutzwart Ulrich Kreinh\u00f6fner und der Jugendwart Johannes Braunschmid im Amt best\u00e4tigt. W\u00e4hrend der Versammlung zog das unver\u00e4nderte F\u00fchrungsteam zugleich ein Res\u00fcmee \u00fcber das vergangene Jahr. Laut der Statistik des ersten Kommandanten z\u00e4hle die Neuhauser Feuerwehr aktuell 67 aktive Mitglieder, darunter sieben Feuerwehranw\u00e4rter. Insgesamt r\u00fcckten die M\u00e4nner, so Bogner, zu 46 Eins\u00e4tzen im Stadtgebiet aus. Der Schwerpunkt lag dabei auf technischen Hilfeleistungen und Verkehrssicherungen. Allerdings wurde die Wehr auch zu sechs Brandeins\u00e4tzen, einer Personenrettung sowie Wespennotdiensten und drei Fehlalarmen gerufen. Insgesamt waren somit 408 Feuerwehrdienstleistende ganze 585 Stunden freiwillig im Einsatz. \u201eDas Jahr 2013 geht in die Geschichte der Feuerwehr Neuhaus ein\u201c, ist sich der Kommandant sicher, \u201eNeben der bombastischen Doppelfahrzeugweihe, die mit sehr viel Arbeit verbunden war, gab es im Berichtsjahr noch jede Menge weitere Termine und Aufgaben zu erledigen.\u201c So erl\u00e4uterte er nicht nur den aufw\u00e4ndigen Abstimmungsprozess beim Kauf und Umbau der beiden neuen Fahrzeuge, sondern z\u00e4hlte zugleich erfreut zahlreiche Ausbildungslehrg\u00e4nge und \u00dcbungen auf, mit denen sich die Kameraden fit f\u00fcr den Ernstfall gemacht h\u00e4tten. \u201eIhr habt eine wahnsinnige, gigantische Leistung erbracht\u201c, lobte Bogner seine Truppe. Er dankte allen voran seinem Stellvertreter Thomas Wilhelm sowie den Gruppenf\u00fchrern und Ausbildern f\u00fcr ihr gro\u00dfes Engagement. Per Handschlag begr\u00fc\u00dften die Kommandanten im Anschluss die beiden Neuaufnahmen Simon Windschiegl und Fabian K\u00fchnl in der Wehr. Zum Feuerwehrmann bef\u00f6rderten sie David Kreinh\u00f6fner, Fabian K\u00fchnl und Michael Stangl. Thomas Neugirg darf sich ab jetzt L\u00f6schmeister und Thomas Wilhelm Oberl\u00f6schmeister nennen. Weiterhin zeichneten die Kommandanten verdiente Kameraden f\u00fcr langj\u00e4hrigen aktiven Feuerwehrdienst aus: Benedikt Schrott und Thomas Windschiegl f\u00fcr 10 Jahre, Reiner Windschiegl f\u00fcr 20 Jahre, Andreas Bogner, Christian K\u00e4\u00df, Thomas Kreinh\u00f6fner, Clemens Sch\u00f6nberger und Harald Windschiegl f\u00fcr 30 Jahre sowie Wolfgang K\u00e4\u00df f\u00fcr 40 Jahre.<\/p>\n<h1>Erfolgreiches Jahr 2013 spornt Feuerwehr zu neuen Pl\u00e4nen an<\/h1>\n<h3>Neues Feuerwehrhaus nicht ausgeschlossen \u2013 Christian Windschiegl und Reinhard Michl neues Vorstandsteam<\/h3>\n<p>\u201eWas soll ich jetzt noch zur Neuhauser Feuerwehr sagen?\u201c Stirnrunzelnd stellte Andr\u00e9 Stessmann bei der Generalversammlung der Neuhauser Feuerwehr diese Frage an seine Kameraden im nahezu voll besetzten Linglsaal. \u201eZwei neue Autos, ein tolles Fest, einen Haufen Geld, alles passt!\u201c Fast ein wenig neidisch gratulierte der federf\u00fchrende Kommandant im Stadtgebiet der erfolgreichen Ortsfeuerwehr zu ihrem perfekten letzten Jahr. Und dass es nicht besser h\u00e4tte sein k\u00f6nnen, zeigte sich beim Jahresr\u00fcckblick des ersten Vorstandes Christian Windschiegl. \u201e2013 war ein extrem anstrengendes, aber auch sehr erfolgreiches Jahr, das uns noch lange in Erinnerung bleiben wird\u201c, so der Vorsitzende. Er erinnerte allem voran an die viert\u00e4gige Doppelfahrzeugweihe am Pfingstwochenende des letzten Jahres, deren Durchf\u00fchrung die Kameradschaft aus seiner Sicht noch fester zusammengeschwei\u00dft h\u00e4tte. \u201eFest, Fester, Feierwehrfest \u2013<span style=\"font-family: Helvetica;\">\u00a0<\/span>dieser selbst kreierte Slogan schlug ein wie eine Bombe und machte der Steigerung alle Ehre\u201c, so der Vorsitzende noch sichtlich beeindruckt. Wie Windschiegl bekr\u00e4ftigte, feierte die Wehr tats\u00e4chlich ein Fest der Superlative. Daher dankte er nochmals allen Beteiligten f\u00fcr ihre Unterst\u00fctzung. \u201eDieses Fest w\u00e4re nicht zustande gekommen, wenn nicht der gesamte Ort voller Enthusiasmus dabei gewesen w\u00e4re\u201c, ist sich Windschiegl sicher. Es habe gezeigt, dass wenn alle mit Herzblut anpacken und an einem Strang ziehen, auch derartige Herausforderungen ohne Schwierigkeiten gemeistert werden k\u00f6nnen. Den gro\u00dfartigen finanziellen Erfolg, der sich aus dem Festwochenende ergab, erl\u00e4uterte Kassier Johannes Eibl im Anschluss. \u201eIch bin heilfroh, dass ich heute keine schlechten Zahlen verk\u00fcnden muss\u201c, gestand er dabei schmunzelnd, \u201eDer Gewinn ist eine respektable Leistung.\u201c Trotz der Neuanschaffung des Mannschaftstransportwagens st\u00fcnde die Kasse dank des \u00fcberaus erfolgreichen Festes besser da als zuvor. Erfreut zeigte sich Eibl, dass der Verein weiteren Vorhaben somit finanziell gut gewappnet gegen\u00fcber stehe. Erste \u00dcberlegungen diesbez\u00fcglich werden von den Feuerwehrkameraden bereits angestellt. So unterstrich Kommandant Andreas Bogner in der vorangegangenen Dienstversammlung die Notwendigkeit eines neuen Ger\u00e4tehauses aus Sicherheits- und Platzgr\u00fcnden. Auch erster B\u00fcrgermeister Andreas Meier sprach sich daf\u00fcr aus, dass das aktuelle Feuerwehrhaus an der Sch\u00f6nfichter Stra\u00dfe keine Dauerl\u00f6sung f\u00fcr die Neuhauser Wehr sein kann. Zumindest personell ist der Verein f\u00fcr ein derartiges Projekt bereits gut ger\u00fcstet. So bleibt Christian Windschiegl auch die n\u00e4chsten drei Jahre an der Spitze der Vorstandschaft. Unterst\u00fctzt wird er von Reinhard Michl als zweiter Vorsitzender. David Kreinh\u00f6fner \u00fcbernimmt ab jetzt dessen bisherige Aufgabe als Schriftf\u00fchrer. Kassier Johannes Eibl, Unterkassier Thomas Neugirg, die Beisitzer Fabian Zetzl und Franz Sch\u00f6nberger, der Zeugwart Clemens Sch\u00f6nberger sowie die Revisoren Reinhard F\u00fctterer und Wolfgang Windschiegl wurden von den zahlreichen anwesenden Feuerwehrkameraden einstimmig in ihrem Amt best\u00e4tigt. Nach der Wahl dankte Christian Windschiegl seinen zuk\u00fcnftigen Mitstreitern f\u00fcr ihre Bereitschaft zur Kandidatur. Ein besonderes Dankesch\u00f6n f\u00fcr sein Engagement als zweiter Vorsitzender und seinen Einsatz als Festleiter ging dabei aber auch an Andreas Egeter, der sich auf eigenen Wunsch nicht mehr der Wahl stellte.<\/p>\n<h1>Jahrelange Vereinstreue und besonderes Engagement ausgezeichnet<\/h1>\n<h3>Alfons Bogner bereits seit 70 Jahren bei der Feuerwehr &#8211; Ernst Sch\u00f6nberger und Johann Kreinh\u00f6fner neue Ehrenmitglieder<\/h3>\n<p>Lang anhaltender Applaus schallte bei der Generalversammlung der Neuhauser Feuerwehr \u00a0durch den Lingl-Saal, als erster Vorstand Christian Windschiegl Alfons Bogner f\u00fcr 70 Jahre Vereinszugeh\u00f6rigkeit auszeichnete. \u201eDas ist eine ganz besondere Ehrung\u201c, stellte der Vorsitzende heraus, \u201eeine stolze Leistung.\u201c Die Liebe zur Feuerwehr liegt der Familie Bogner wie es scheint im Blut. Nicht nur, dass der Sohn des Geehrten seit Jahren engagierter erster Kommandant der Neuhauser Wehr ist, auch sein Bruder Franz wurde w\u00e4hrend der Versammlung f\u00fcr jahrelange Mitgliedschaft ausgezeichnet. Genauso wie Robert Heimerl geh\u00f6rt dieser seit mittlerweile 60 Jahren dem Feuerwehrverein an. Franz Bogner nahm dieses zum Anlass f\u00fcr eine ganz besondere \u00dcberraschung. Er \u00fcberreichte den Feuerwehrkameraden eine selbst geschnitzte Floriansfigur, die wie Windschiegl schmunzelnd bemerkte, in naher Zukunft auch ein neues Ger\u00e4tehaus schm\u00fccken k\u00f6nnte. Des Weiteren dankte der erste Vorstand Klaus Bauer, Wolfgang K\u00e4\u00df, Martin Riedl und Alfred Schletz f\u00fcr 40j\u00e4hrige Vereinszugeh\u00f6rigkeit sowie Stefan K\u00e4ck und Karlheinz Witt, die im Herbst bereits f\u00fcr ihre aktive Dienstzeit das silberne Ehrenkreuz erhalten hatten, f\u00fcr 25j\u00e4hrige Mitgliedschaft. Auch \u00fcber zwei neue Ehrenmitglieder kann sich die Neuhauser Feuerwehr freuen. Als Anerkennung ihres mehr als 20 bzw. 35j\u00e4hrigen Engagements in der Vorstandschaft \u00fcberreichte Windschiegl die Ernennungsurkunden sowie einen individuell angefertigten Bierkrug an Ernst Sch\u00f6nberger und Johann Kreinh\u00f6fner. Wie der Vorsitzende weiter erl\u00e4uterte, setzte sich Sch\u00f6nberger ma\u00dfgeblich beim Umbau des Feuerwehrhauses in den 80er Jahren ein, so der Vorsitzende, brachte sich Kreinh\u00f6fner in der Vergangenheit nicht nur als zweiter Kommandant, sondern auch als gro\u00dfer G\u00f6nner in den Verein ein.<\/p>\n\n\t\t<style type=\"text\/css\">\n\t\t\t#gallery-1 {\n\t\t\t\tmargin: auto;\n\t\t\t}\n\t\t\t#gallery-1 .gallery-item {\n\t\t\t\tfloat: left;\n\t\t\t\tmargin-top: 10px;\n\t\t\t\ttext-align: center;\n\t\t\t\twidth: 33%;\n\t\t\t}\n\t\t\t#gallery-1 img {\n\t\t\t\tborder: 2px solid #cfcfcf;\n\t\t\t}\n\t\t\t#gallery-1 .gallery-caption {\n\t\t\t\tmargin-left: 0;\n\t\t\t}\n\t\t\t\/* see gallery_shortcode() in wp-includes\/media.php *\/\n\t\t<\/style>\n\t\t<div id='gallery-1' class='gallery galleryid-1023 gallery-columns-3 gallery-size-thumbnail'><dl class='gallery-item'>\n\t\t\t<dt class='gallery-icon landscape'>\n\t\t\t\t<a href='http:\/\/ffw-neuhaus.de\/?attachment_id=1026'><img loading=\"lazy\" decoding=\"async\" width=\"150\" height=\"150\" src=\"http:\/\/ffw-neuhaus.de\/wordpress\/wp-content\/uploads\/2014\/01\/Versammlung2-150x150.jpg\" class=\"attachment-thumbnail size-thumbnail\" alt=\"\" aria-describedby=\"gallery-1-1026\" srcset=\"http:\/\/ffw-neuhaus.de\/wordpress\/wp-content\/uploads\/2014\/01\/Versammlung2-150x150.jpg 150w, http:\/\/ffw-neuhaus.de\/wordpress\/wp-content\/uploads\/2014\/01\/Versammlung2-115x115.jpg 115w\" sizes=\"auto, (max-width: 150px) 100vw, 150px\" \/><\/a>\n\t\t\t<\/dt>\n\t\t\t\t<dd class='wp-caption-text gallery-caption' id='gallery-1-1026'>\n\t\t\t\tAlles bestens in der Neuhauser Wehr! Wie die wiedergew\u00e4hlten Kommandanten Andreas Bogner (hinten erster von links) und Thomas Wilhelm (Vierter von rechts) best\u00e4tigten, sind Ausr\u00fcstung und auch die Mannschaft in einem Top-Zustand. Dies freute nat\u00fcrlich auch ersten B\u00fcrgermeister Andreas Meier sowie Vertreter der Stadt- und Landkreisfeuerwehren und die zahlreichen Geehrten.\n\t\t\t\t<\/dd><\/dl><dl class='gallery-item'>\n\t\t\t<dt class='gallery-icon landscape'>\n\t\t\t\t<a href='http:\/\/ffw-neuhaus.de\/?attachment_id=1025'><img loading=\"lazy\" decoding=\"async\" width=\"150\" height=\"150\" src=\"http:\/\/ffw-neuhaus.de\/wordpress\/wp-content\/uploads\/2014\/01\/Versammlung1-150x150.jpg\" class=\"attachment-thumbnail size-thumbnail\" alt=\"\" aria-describedby=\"gallery-1-1025\" srcset=\"http:\/\/ffw-neuhaus.de\/wordpress\/wp-content\/uploads\/2014\/01\/Versammlung1-150x150.jpg 150w, http:\/\/ffw-neuhaus.de\/wordpress\/wp-content\/uploads\/2014\/01\/Versammlung1-115x115.jpg 115w\" sizes=\"auto, (max-width: 150px) 100vw, 150px\" \/><\/a>\n\t\t\t<\/dt>\n\t\t\t\t<dd class='wp-caption-text gallery-caption' id='gallery-1-1025'>\n\t\t\t\tWeitgehend unver\u00e4ndert zeigt sich die Vorstandschaft der Neuhauser Feuerwehr. Mit David Kreinh\u00f6fner (Sechster von links) gibt es nur ein neues Gesicht in der Vereinsspitze. Er \u00fcbernimmt das Amt des Schriftf\u00fchrers von Reinhard Michl (Siebter von links), der k\u00fcnftig als stellvertretender Vorstand den ersten Vorsitzenden Christian Windschiegl (links) unterst\u00fctzt.\n\t\t\t\t<\/dd><\/dl><dl class='gallery-item'>\n\t\t\t<dt class='gallery-icon landscape'>\n\t\t\t\t<a href='http:\/\/ffw-neuhaus.de\/?attachment_id=1027'><img loading=\"lazy\" decoding=\"async\" width=\"150\" height=\"150\" src=\"http:\/\/ffw-neuhaus.de\/wordpress\/wp-content\/uploads\/2014\/01\/Versammlung3-150x150.jpg\" class=\"attachment-thumbnail size-thumbnail\" alt=\"\" aria-describedby=\"gallery-1-1027\" srcset=\"http:\/\/ffw-neuhaus.de\/wordpress\/wp-content\/uploads\/2014\/01\/Versammlung3-150x150.jpg 150w, http:\/\/ffw-neuhaus.de\/wordpress\/wp-content\/uploads\/2014\/01\/Versammlung3-115x115.jpg 115w\" sizes=\"auto, (max-width: 150px) 100vw, 150px\" \/><\/a>\n\t\t\t<\/dt>\n\t\t\t\t<dd class='wp-caption-text gallery-caption' id='gallery-1-1027'>\n\t\t\t\tEin selbstgeschnitzter Florian f\u00fcrs Feuerwehrhaus! Erfreut nahm erster Vorstand Christian Windschiegl (links) das Geschenk von Franz Bogner (vorne, Dritter von links) in Empfang. Er wurde ebenso wie Robert Heimerl (vorne, Zweiter von links) und Alfons Bogner (vorne, Dritter von rechts) f\u00fcr 60 bzw. 70 j\u00e4hrige Mitgliedschaft geehrt. Ernst Sch\u00f6nberger und Johann Kreinh\u00f6fner (Dritter und F\u00fcnfter von rechts) wurden zu Ehrenmitgliedern ernannt. \n\t\t\t\t<\/dd><\/dl><br style=\"clear: both\" \/>\n\t\t<\/div>\n\n","protected":false},"excerpt":{"rendered":"<p>Kommandant geht als Brandmeister in die n\u00e4chste Legislaturperiode Andreas Bogner genauso wie sein Stellvertreter Thomas Wilhelm im Amt best\u00e4tigt \u2013 Feuerwehr im Top-Zustand Neuhaus\u00a0(mlb)\u00a0Die Dienstversammlung der Neuhauser Feuerwehr vergangenen Freitag im Lingl-Saal wurde,\u00a0\u00a0wie erster B\u00fcrgermeister Andreas Meier es formulierte, zum &hellip; <a href=\"http:\/\/ffw-neuhaus.de\/?p=1023\">Weiterlesen <span class=\"meta-nav\">&rarr;<\/span><\/a><\/p>\n","protected":false},"author":2,"featured_media":0,"comment_status":"closed","ping_status":"closed","sticky":false,"template":"","format":"standard","meta":{"footnotes":""},"categories":[11],"tags":[],"class_list":["post-1023","post","type-post","status-publish","format-standard","hentry","category-aktuelles"],"_links":{"self":[{"href":"http:\/\/ffw-neuhaus.de\/index.php?rest_route=\/wp\/v2\/posts\/1023","targetHints":{"allow":["GET"]}}],"collection":[{"href":"http:\/\/ffw-neuhaus.de\/index.php?rest_route=\/wp\/v2\/posts"}],"about":[{"href":"http:\/\/ffw-neuhaus.de\/index.php?rest_route=\/wp\/v2\/types\/post"}],"author":[{"embeddable":true,"href":"http:\/\/ffw-neuhaus.de\/index.php?rest_route=\/wp\/v2\/users\/2"}],"replies":[{"embeddable":true,"href":"http:\/\/ffw-neuhaus.de\/index.php?rest_route=%2Fwp%2Fv2%2Fcomments&post=1023"}],"version-history":[{"count":9,"href":"http:\/\/ffw-neuhaus.de\/index.php?rest_route=\/wp\/v2\/posts\/1023\/revisions"}],"predecessor-version":[{"id":1043,"href":"http:\/\/ffw-neuhaus.de\/index.php?rest_route=\/wp\/v2\/posts\/1023\/revisions\/1043"}],"wp:attachment":[{"href":"http:\/\/ffw-neuhaus.de\/index.php?rest_route=%2Fwp%2Fv2%2Fmedia&parent=1023"}],"wp:term":[{"taxonomy":"category","embeddable":true,"href":"http:\/\/ffw-neuhaus.de\/index.php?rest_route=%2Fwp%2Fv2%2Fcategories&post=1023"},{"taxonomy":"post_tag","embeddable":true,"href":"http:\/\/ffw-neuhaus.de\/index.php?rest_route=%2Fwp%2Fv2%2Ftags&post=1023"}],"curies":[{"name":"wp","href":"https:\/\/api.w.org\/{rel}","templated":true}]}}