{"id":1074,"date":"2014-02-11T17:39:12","date_gmt":"2014-02-11T16:39:12","guid":{"rendered":"http:\/\/ffw-neuhaus.de\/?p=1074"},"modified":"2014-02-11T17:39:12","modified_gmt":"2014-02-11T16:39:12","slug":"atemschutzuebung","status":"publish","type":"post","link":"http:\/\/ffw-neuhaus.de\/?p=1074","title":{"rendered":"Atemschutz\u00fcbung"},"content":{"rendered":"<p>Am Freitag, 07.02.2014 traf sich die Atemschutzgruppe zur \u00dcbung im st\u00e4dtischen Bauhof. Themenschwerpunkt war dieses Mal die Benutzung der Rettungss\u00e4ge unter Atemschutz sowie die Bedienung der W\u00e4rmebildkamera. Ersteres stellt sich als wahnsinnig anstrengende T\u00e4tigkeit heraus, die dem Atemschutzger\u00e4tetr\u00e4ger k\u00f6rperlich einiges abverlangt. Komplett ausger\u00fcstet wurden dann eine daf\u00fcr konstruierte Wand mit der Rettungss\u00e4ge durchtrennt. Besonders gespannt waren alle darauf zum allerersten Mal die neue W\u00e4rmebildkamera in den H\u00e4nden zu halten. Alle anwesenden Kameraden wurden in das neue Ger\u00e4t eingewiesen und lernten die Technik (W\u00fcrfelblick) zum korrekten Absuchen von R\u00e4umen.<\/p>\n\n\t\t<style type=\"text\/css\">\n\t\t\t#gallery-1 {\n\t\t\t\tmargin: auto;\n\t\t\t}\n\t\t\t#gallery-1 .gallery-item {\n\t\t\t\tfloat: left;\n\t\t\t\tmargin-top: 10px;\n\t\t\t\ttext-align: center;\n\t\t\t\twidth: 33%;\n\t\t\t}\n\t\t\t#gallery-1 img {\n\t\t\t\tborder: 2px solid #cfcfcf;\n\t\t\t}\n\t\t\t#gallery-1 .gallery-caption {\n\t\t\t\tmargin-left: 0;\n\t\t\t}\n\t\t\t\/* see gallery_shortcode() in wp-includes\/media.php *\/\n\t\t<\/style>\n\t\t<div id='gallery-1' class='gallery galleryid-1074 gallery-columns-3 gallery-size-thumbnail'><dl class='gallery-item'>\n\t\t\t<dt class='gallery-icon landscape'>\n\t\t\t\t<a href='http:\/\/ffw-neuhaus.de\/?attachment_id=1075'><img loading=\"lazy\" decoding=\"async\" width=\"150\" height=\"150\" src=\"http:\/\/ffw-neuhaus.de\/wordpress\/wp-content\/uploads\/2014\/02\/IR_0004-150x150.jpg\" class=\"attachment-thumbnail size-thumbnail\" alt=\"\" srcset=\"http:\/\/ffw-neuhaus.de\/wordpress\/wp-content\/uploads\/2014\/02\/IR_0004-150x150.jpg 150w, http:\/\/ffw-neuhaus.de\/wordpress\/wp-content\/uploads\/2014\/02\/IR_0004-115x115.jpg 115w\" sizes=\"auto, (max-width: 150px) 100vw, 150px\" \/><\/a>\n\t\t\t<\/dt><\/dl><dl class='gallery-item'>\n\t\t\t<dt class='gallery-icon landscape'>\n\t\t\t\t<a href='http:\/\/ffw-neuhaus.de\/?attachment_id=1076'><img loading=\"lazy\" decoding=\"async\" width=\"150\" height=\"150\" src=\"http:\/\/ffw-neuhaus.de\/wordpress\/wp-content\/uploads\/2014\/02\/\u00dc0702-1-150x150.jpg\" class=\"attachment-thumbnail size-thumbnail\" alt=\"\" srcset=\"http:\/\/ffw-neuhaus.de\/wordpress\/wp-content\/uploads\/2014\/02\/\u00dc0702-1-150x150.jpg 150w, http:\/\/ffw-neuhaus.de\/wordpress\/wp-content\/uploads\/2014\/02\/\u00dc0702-1-115x115.jpg 115w\" sizes=\"auto, (max-width: 150px) 100vw, 150px\" \/><\/a>\n\t\t\t<\/dt><\/dl>\n\t\t\t<br style='clear: both' \/>\n\t\t<\/div>\n\n","protected":false},"excerpt":{"rendered":"<p>Am Freitag, 07.02.2014 traf sich die Atemschutzgruppe zur \u00dcbung im st\u00e4dtischen Bauhof. Themenschwerpunkt war dieses Mal die Benutzung der Rettungss\u00e4ge unter Atemschutz sowie die Bedienung der W\u00e4rmebildkamera. Ersteres stellt sich als wahnsinnig anstrengende T\u00e4tigkeit heraus, die dem Atemschutzger\u00e4tetr\u00e4ger k\u00f6rperlich einiges &hellip; <a href=\"http:\/\/ffw-neuhaus.de\/?p=1074\">Weiterlesen <span class=\"meta-nav\">&rarr;<\/span><\/a><\/p>\n","protected":false},"author":2,"featured_media":0,"comment_status":"closed","ping_status":"closed","sticky":false,"template":"","format":"standard","meta":{"footnotes":""},"categories":[12,11],"tags":[],"class_list":["post-1074","post","type-post","status-publish","format-standard","hentry","category-uebung","category-aktuelles"],"_links":{"self":[{"href":"http:\/\/ffw-neuhaus.de\/index.php?rest_route=\/wp\/v2\/posts\/1074","targetHints":{"allow":["GET"]}}],"collection":[{"href":"http:\/\/ffw-neuhaus.de\/index.php?rest_route=\/wp\/v2\/posts"}],"about":[{"href":"http:\/\/ffw-neuhaus.de\/index.php?rest_route=\/wp\/v2\/types\/post"}],"author":[{"embeddable":true,"href":"http:\/\/ffw-neuhaus.de\/index.php?rest_route=\/wp\/v2\/users\/2"}],"replies":[{"embeddable":true,"href":"http:\/\/ffw-neuhaus.de\/index.php?rest_route=%2Fwp%2Fv2%2Fcomments&post=1074"}],"version-history":[{"count":2,"href":"http:\/\/ffw-neuhaus.de\/index.php?rest_route=\/wp\/v2\/posts\/1074\/revisions"}],"predecessor-version":[{"id":1078,"href":"http:\/\/ffw-neuhaus.de\/index.php?rest_route=\/wp\/v2\/posts\/1074\/revisions\/1078"}],"wp:attachment":[{"href":"http:\/\/ffw-neuhaus.de\/index.php?rest_route=%2Fwp%2Fv2%2Fmedia&parent=1074"}],"wp:term":[{"taxonomy":"category","embeddable":true,"href":"http:\/\/ffw-neuhaus.de\/index.php?rest_route=%2Fwp%2Fv2%2Fcategories&post=1074"},{"taxonomy":"post_tag","embeddable":true,"href":"http:\/\/ffw-neuhaus.de\/index.php?rest_route=%2Fwp%2Fv2%2Ftags&post=1074"}],"curies":[{"name":"wp","href":"https:\/\/api.w.org\/{rel}","templated":true}]}}