{"id":1233,"date":"2014-05-30T13:39:05","date_gmt":"2014-05-30T11:39:05","guid":{"rendered":"http:\/\/ffw-neuhaus.de\/?p=1233"},"modified":"2014-07-30T19:15:36","modified_gmt":"2014-07-30T17:15:36","slug":"20-28-05-2014-thl-verkehrsunfall-bab-93","status":"publish","type":"post","link":"http:\/\/ffw-neuhaus.de\/?p=1233","title":{"rendered":"#23 &#8211; 28.05.2014 &#8211; THL &#8211; Verkehrsunfall BAB-93"},"content":{"rendered":"<p><strong>Datum:<\/strong> 28.05.2014<br \/>\n<strong>Uhrzeit:<\/strong> 14:15 Uhr<br \/>\n<strong>Alarmierung:<\/strong> kleine Schleife<br \/>\n<strong>Ort:<\/strong> BAB-93<br \/>\n<strong>Mannschaft:<\/strong> 1\/8<br \/>\n<strong>Meldung:<\/strong> VU PKW, Ohne eingeklemmte Person, Autobahn<br \/>\n<strong>Eingesetzte Fahrzeuge:<\/strong> LF10, MTW, VSA<br \/>\n<strong>Einsatzende:<\/strong> 16:00 Uhr<br \/>\n<strong>Alarmierte Feuerwehren:<\/strong> Neuhaus, Neustadt\/WN<br \/>\nEin PKW-Fahrer, der zwischen den AS Neustadt und Windischeschenbach in Fahrtrichtung Norden unterwegs war, untersch\u00e4tzte vermutlich den Abstand zum vorausfahrenden Pkw, welcher einen Anh\u00e4nger zog und fuhr auf diesen auf. Der Anh\u00e4nger l\u00f6ste sich durch den Aufprall, schleuderte quer \u00fcber die Fahrbahn und blieb auf der Seite liegen. Das Zugfahrzeug krachte in die rechte\u00a0Leitplanke. Der Verursacher kam auf dem Standstreifen zum stehen. Nachdem die Kollegen aus Neustadt den Anh\u00e4nger auf dem Standstreifen abgestellt hatten, konnten wir mittels des VSA den Verkehr auf der linken Fahrspur vorbeileiten. Nachdem alle Fahrzeuge geborgen waren, konnten wir die Einsatzstelle wieder verlassen. Der MTW war als Vorabsicherung eingestzt.<\/p>\n\n\t\t<style type=\"text\/css\">\n\t\t\t#gallery-1 {\n\t\t\t\tmargin: auto;\n\t\t\t}\n\t\t\t#gallery-1 .gallery-item {\n\t\t\t\tfloat: left;\n\t\t\t\tmargin-top: 10px;\n\t\t\t\ttext-align: center;\n\t\t\t\twidth: 33%;\n\t\t\t}\n\t\t\t#gallery-1 img {\n\t\t\t\tborder: 2px solid #cfcfcf;\n\t\t\t}\n\t\t\t#gallery-1 .gallery-caption {\n\t\t\t\tmargin-left: 0;\n\t\t\t}\n\t\t\t\/* see gallery_shortcode() in wp-includes\/media.php *\/\n\t\t<\/style>\n\t\t<div id='gallery-1' class='gallery galleryid-1233 gallery-columns-3 gallery-size-thumbnail'><dl class='gallery-item'>\n\t\t\t<dt class='gallery-icon landscape'>\n\t\t\t\t<a href='http:\/\/ffw-neuhaus.de\/?attachment_id=1239'><img loading=\"lazy\" decoding=\"async\" width=\"150\" height=\"150\" src=\"http:\/\/ffw-neuhaus.de\/wordpress\/wp-content\/uploads\/2014\/05\/DSCI0632-b-150x150.jpg\" class=\"attachment-thumbnail size-thumbnail\" alt=\"\" \/><\/a>\n\t\t\t<\/dt><\/dl><dl class='gallery-item'>\n\t\t\t<dt class='gallery-icon landscape'>\n\t\t\t\t<a href='http:\/\/ffw-neuhaus.de\/?attachment_id=1240'><img loading=\"lazy\" decoding=\"async\" width=\"150\" height=\"150\" src=\"http:\/\/ffw-neuhaus.de\/wordpress\/wp-content\/uploads\/2014\/05\/DSCI0634-b-150x150.jpg\" class=\"attachment-thumbnail size-thumbnail\" alt=\"\" \/><\/a>\n\t\t\t<\/dt><\/dl>\n\t\t\t<br style='clear: both' \/>\n\t\t<\/div>\n\n","protected":false},"excerpt":{"rendered":"<p>Datum: 28.05.2014 Uhrzeit: 14:15 Uhr Alarmierung: kleine Schleife Ort: BAB-93 Mannschaft: 1\/8 Meldung: VU PKW, Ohne eingeklemmte Person, Autobahn Eingesetzte Fahrzeuge: LF10, MTW, VSA Einsatzende: 16:00 Uhr Alarmierte Feuerwehren: Neuhaus, Neustadt\/WN Ein PKW-Fahrer, der zwischen den AS Neustadt und Windischeschenbach &hellip; <a href=\"http:\/\/ffw-neuhaus.de\/?p=1233\">Weiterlesen <span class=\"meta-nav\">&rarr;<\/span><\/a><\/p>\n","protected":false},"author":3,"featured_media":0,"comment_status":"closed","ping_status":"closed","sticky":false,"template":"","format":"standard","meta":{"footnotes":""},"categories":[16,15],"tags":[],"class_list":["post-1233","post","type-post","status-publish","format-standard","hentry","category-einsaetze","category-einsaetze-2014"],"_links":{"self":[{"href":"http:\/\/ffw-neuhaus.de\/index.php?rest_route=\/wp\/v2\/posts\/1233","targetHints":{"allow":["GET"]}}],"collection":[{"href":"http:\/\/ffw-neuhaus.de\/index.php?rest_route=\/wp\/v2\/posts"}],"about":[{"href":"http:\/\/ffw-neuhaus.de\/index.php?rest_route=\/wp\/v2\/types\/post"}],"author":[{"embeddable":true,"href":"http:\/\/ffw-neuhaus.de\/index.php?rest_route=\/wp\/v2\/users\/3"}],"replies":[{"embeddable":true,"href":"http:\/\/ffw-neuhaus.de\/index.php?rest_route=%2Fwp%2Fv2%2Fcomments&post=1233"}],"version-history":[{"count":4,"href":"http:\/\/ffw-neuhaus.de\/index.php?rest_route=\/wp\/v2\/posts\/1233\/revisions"}],"predecessor-version":[{"id":1345,"href":"http:\/\/ffw-neuhaus.de\/index.php?rest_route=\/wp\/v2\/posts\/1233\/revisions\/1345"}],"wp:attachment":[{"href":"http:\/\/ffw-neuhaus.de\/index.php?rest_route=%2Fwp%2Fv2%2Fmedia&parent=1233"}],"wp:term":[{"taxonomy":"category","embeddable":true,"href":"http:\/\/ffw-neuhaus.de\/index.php?rest_route=%2Fwp%2Fv2%2Fcategories&post=1233"},{"taxonomy":"post_tag","embeddable":true,"href":"http:\/\/ffw-neuhaus.de\/index.php?rest_route=%2Fwp%2Fv2%2Ftags&post=1233"}],"curies":[{"name":"wp","href":"https:\/\/api.w.org\/{rel}","templated":true}]}}