{"id":1292,"date":"2014-07-17T16:56:26","date_gmt":"2014-07-17T14:56:26","guid":{"rendered":"http:\/\/ffw-neuhaus.de\/?p=1292"},"modified":"2014-07-30T19:23:22","modified_gmt":"2014-07-30T17:23:22","slug":"27-16-07-2014-thl-bab93","status":"publish","type":"post","link":"http:\/\/ffw-neuhaus.de\/?p=1292","title":{"rendered":"#31 &#8211; 16.07.2014 &#8211; THL &#8211; BAB93"},"content":{"rendered":"<p><strong>Datum:<\/strong>\u00a016.07.2014<br \/>\n<strong>Uhrzeit:<\/strong>\u00a015:34 Uhr<br \/>\n<strong>Alarmierung:<\/strong>\u00a0kleine Schleife<br \/>\n<strong> Ort:<\/strong>\u00a0BAB-93<br \/>\n<strong>Mannschaft:<\/strong> 1\/6<br \/>\n<strong>Meldung:<\/strong>\u00a0VU &#8211; A93 Fahrtrichtung S\u00fcden<br \/>\n<strong>Eingesetzte Fahrzeuge:<\/strong> LF10, MTW, VSA<br \/>\n<strong>Einsatzende:<\/strong>\u00a017:00 Uhr<br \/>\n<strong>Alarmierte Feuerwehren:<\/strong> Neuhaus, Neustadt<br \/>\nGegen 15:35 Uhr war ein holl\u00e4ndisches Wohnwagengespann in Fahrtrichtung Regensburg unterwegs, zur gleichen Zeit wollte ein 29 j\u00e4hriger Autofahrer mit seinem Opel Astra an der Anschlussstelle Neustadt an der Waldnaab auf die A93 auffahren. Durch das pl\u00f6tzlich neben ihm auf dem Beschleunigungsstreifen auftauchende Fahrzeug erschrak der 46 j\u00e4hrige Holl\u00e4nder am Steuer derart, dass er kurz das Lenkrad verriss. Dadurch schaukelte sich der angeh\u00e4ngte Wohnwagen auf und krachte mit der rechten Heckseite gegen die linke Seite des einfahrenden Opel Astra. Die Wucht des Zusammensto\u00dfes war gro\u00df genug, dass die linken Seitenairbags des Opels Astra ausl\u00f6sten. Dadurch wurde der Fahrer leicht verletzt, er musste mit dem Rettungsdienst zur weiteren Untersuchung ins Klinikum nach Weiden eingeliefert werden. Der Niederl\u00e4nder, seine Ehefrau und ihre beiden Kinder im Fahrzeug blieben unverletzt.<\/p>\n<p><a href=\"http:\/\/ffw-neuhaus.de\/wordpress\/wp-content\/uploads\/2014\/07\/DSCI0668-b.jpg\"><img loading=\"lazy\" decoding=\"async\" class=\"aligncenter size-medium wp-image-1300\" src=\"http:\/\/ffw-neuhaus.de\/wordpress\/wp-content\/uploads\/2014\/07\/DSCI0668-b-300x225.jpg\" alt=\"DSCI0668-b\" width=\"300\" height=\"225\" srcset=\"http:\/\/ffw-neuhaus.de\/wordpress\/wp-content\/uploads\/2014\/07\/DSCI0668-b-300x225.jpg 300w, http:\/\/ffw-neuhaus.de\/wordpress\/wp-content\/uploads\/2014\/07\/DSCI0668-b-1024x768.jpg 1024w, http:\/\/ffw-neuhaus.de\/wordpress\/wp-content\/uploads\/2014\/07\/DSCI0668-b-400x300.jpg 400w, http:\/\/ffw-neuhaus.de\/wordpress\/wp-content\/uploads\/2014\/07\/DSCI0668-b.jpg 1500w\" sizes=\"auto, (max-width: 300px) 100vw, 300px\" \/><\/a><\/p>\n","protected":false},"excerpt":{"rendered":"<p>Datum:\u00a016.07.2014 Uhrzeit:\u00a015:34 Uhr Alarmierung:\u00a0kleine Schleife Ort:\u00a0BAB-93 Mannschaft: 1\/6 Meldung:\u00a0VU &#8211; A93 Fahrtrichtung S\u00fcden Eingesetzte Fahrzeuge: LF10, MTW, VSA Einsatzende:\u00a017:00 Uhr Alarmierte Feuerwehren: Neuhaus, Neustadt Gegen 15:35 Uhr war ein holl\u00e4ndisches Wohnwagengespann in Fahrtrichtung Regensburg unterwegs, zur gleichen Zeit wollte ein &hellip; <a href=\"http:\/\/ffw-neuhaus.de\/?p=1292\">Weiterlesen <span class=\"meta-nav\">&rarr;<\/span><\/a><\/p>\n","protected":false},"author":3,"featured_media":0,"comment_status":"closed","ping_status":"closed","sticky":false,"template":"","format":"standard","meta":{"footnotes":""},"categories":[16,15],"tags":[],"class_list":["post-1292","post","type-post","status-publish","format-standard","hentry","category-einsaetze","category-einsaetze-2014"],"_links":{"self":[{"href":"http:\/\/ffw-neuhaus.de\/index.php?rest_route=\/wp\/v2\/posts\/1292","targetHints":{"allow":["GET"]}}],"collection":[{"href":"http:\/\/ffw-neuhaus.de\/index.php?rest_route=\/wp\/v2\/posts"}],"about":[{"href":"http:\/\/ffw-neuhaus.de\/index.php?rest_route=\/wp\/v2\/types\/post"}],"author":[{"embeddable":true,"href":"http:\/\/ffw-neuhaus.de\/index.php?rest_route=\/wp\/v2\/users\/3"}],"replies":[{"embeddable":true,"href":"http:\/\/ffw-neuhaus.de\/index.php?rest_route=%2Fwp%2Fv2%2Fcomments&post=1292"}],"version-history":[{"count":4,"href":"http:\/\/ffw-neuhaus.de\/index.php?rest_route=\/wp\/v2\/posts\/1292\/revisions"}],"predecessor-version":[{"id":1354,"href":"http:\/\/ffw-neuhaus.de\/index.php?rest_route=\/wp\/v2\/posts\/1292\/revisions\/1354"}],"wp:attachment":[{"href":"http:\/\/ffw-neuhaus.de\/index.php?rest_route=%2Fwp%2Fv2%2Fmedia&parent=1292"}],"wp:term":[{"taxonomy":"category","embeddable":true,"href":"http:\/\/ffw-neuhaus.de\/index.php?rest_route=%2Fwp%2Fv2%2Fcategories&post=1292"},{"taxonomy":"post_tag","embeddable":true,"href":"http:\/\/ffw-neuhaus.de\/index.php?rest_route=%2Fwp%2Fv2%2Ftags&post=1292"}],"curies":[{"name":"wp","href":"https:\/\/api.w.org\/{rel}","templated":true}]}}