{"id":1524,"date":"2014-10-05T14:47:15","date_gmt":"2014-10-05T12:47:15","guid":{"rendered":"http:\/\/ffw-neuhaus.de\/?p=1524"},"modified":"2014-10-17T15:58:51","modified_gmt":"2014-10-17T13:58:51","slug":"45-05-10-2014-thl-vu-st-2181","status":"publish","type":"post","link":"http:\/\/ffw-neuhaus.de\/?p=1524","title":{"rendered":"#45 &#8211; 05.10.2014 &#8211; THL &#8211; VU St-2181"},"content":{"rendered":"<p><strong>Datum:<\/strong> 05.10.2014<br \/>\n<strong>Uhrzeit:<\/strong>\u00a011:51 Uhr<br \/>\n<strong>Alarmierung:<\/strong>\u00a0kleine Schleife<br \/>\n<strong> Ort:<\/strong>\u00a0St-2181<br \/>\n<strong>Mannschaft:<\/strong> 1\/9<br \/>\n<strong>Meldung:<\/strong>\u00a0VU PKW \u00dcberschlag<br \/>\n<strong>Eingesetzte Fahrzeuge:<\/strong> LF10, MTW<br \/>\n<strong>Einsatzende:<\/strong>\u00a013:00 Uhr<br \/>\n<strong>Alarmierte Feuerwehren:<\/strong> Neuhaus<br \/>\nEin Opel-Fahrer von Neuhaus kommend wollte an der Kreuzung in die St-2181 Richtung Windischeschenbach einbiegen. Dabei \u00fcbersah er ein Leichtkraftfahrzeug der Marke LIGIER, welches von Windischeschenbach kam. Es kam zum Zusammensto\u00df, wodurch das Klein-Kfz. auf die Seite umkippte. Die Ersthelfer hoben das Fahrzeug auf und stellten es auf die R\u00e4der. Die beiden Insassen wurden mit leichten Verletzungen ins Krankenhaus gebracht. Der Opel-Fahrer blieb unverletzt.<\/p>\n<p>Wir regelten den Verkehr und reinigten anschlie\u00dfend die Fahrbahn.<\/p>\n<p><a href=\"http:\/\/ffw-neuhaus.de\/wordpress\/wp-content\/uploads\/2014\/10\/VU-ST2181-05102014-b.jpg\"><img loading=\"lazy\" decoding=\"async\" class=\"aligncenter wp-image-1535 size-medium\" src=\"http:\/\/ffw-neuhaus.de\/wordpress\/wp-content\/uploads\/2014\/10\/VU-ST2181-05102014-b-300x225.jpg\" alt=\"VU-ST2181-05102014-b\" width=\"300\" height=\"225\" srcset=\"http:\/\/ffw-neuhaus.de\/wordpress\/wp-content\/uploads\/2014\/10\/VU-ST2181-05102014-b-300x225.jpg 300w, http:\/\/ffw-neuhaus.de\/wordpress\/wp-content\/uploads\/2014\/10\/VU-ST2181-05102014-b-400x300.jpg 400w, http:\/\/ffw-neuhaus.de\/wordpress\/wp-content\/uploads\/2014\/10\/VU-ST2181-05102014-b.jpg 1000w\" sizes=\"auto, (max-width: 300px) 100vw, 300px\" \/><\/a><\/p>\n","protected":false},"excerpt":{"rendered":"<p>Datum: 05.10.2014 Uhrzeit:\u00a011:51 Uhr Alarmierung:\u00a0kleine Schleife Ort:\u00a0St-2181 Mannschaft: 1\/9 Meldung:\u00a0VU PKW \u00dcberschlag Eingesetzte Fahrzeuge: LF10, MTW Einsatzende:\u00a013:00 Uhr Alarmierte Feuerwehren: Neuhaus Ein Opel-Fahrer von Neuhaus kommend wollte an der Kreuzung in die St-2181 Richtung Windischeschenbach einbiegen. Dabei \u00fcbersah er ein &hellip; <a href=\"http:\/\/ffw-neuhaus.de\/?p=1524\">Weiterlesen <span class=\"meta-nav\">&rarr;<\/span><\/a><\/p>\n","protected":false},"author":3,"featured_media":0,"comment_status":"closed","ping_status":"closed","sticky":false,"template":"","format":"standard","meta":{"footnotes":""},"categories":[16,15],"tags":[],"class_list":["post-1524","post","type-post","status-publish","format-standard","hentry","category-einsaetze","category-einsaetze-2014"],"_links":{"self":[{"href":"http:\/\/ffw-neuhaus.de\/index.php?rest_route=\/wp\/v2\/posts\/1524","targetHints":{"allow":["GET"]}}],"collection":[{"href":"http:\/\/ffw-neuhaus.de\/index.php?rest_route=\/wp\/v2\/posts"}],"about":[{"href":"http:\/\/ffw-neuhaus.de\/index.php?rest_route=\/wp\/v2\/types\/post"}],"author":[{"embeddable":true,"href":"http:\/\/ffw-neuhaus.de\/index.php?rest_route=\/wp\/v2\/users\/3"}],"replies":[{"embeddable":true,"href":"http:\/\/ffw-neuhaus.de\/index.php?rest_route=%2Fwp%2Fv2%2Fcomments&post=1524"}],"version-history":[{"count":3,"href":"http:\/\/ffw-neuhaus.de\/index.php?rest_route=\/wp\/v2\/posts\/1524\/revisions"}],"predecessor-version":[{"id":1539,"href":"http:\/\/ffw-neuhaus.de\/index.php?rest_route=\/wp\/v2\/posts\/1524\/revisions\/1539"}],"wp:attachment":[{"href":"http:\/\/ffw-neuhaus.de\/index.php?rest_route=%2Fwp%2Fv2%2Fmedia&parent=1524"}],"wp:term":[{"taxonomy":"category","embeddable":true,"href":"http:\/\/ffw-neuhaus.de\/index.php?rest_route=%2Fwp%2Fv2%2Fcategories&post=1524"},{"taxonomy":"post_tag","embeddable":true,"href":"http:\/\/ffw-neuhaus.de\/index.php?rest_route=%2Fwp%2Fv2%2Ftags&post=1524"}],"curies":[{"name":"wp","href":"https:\/\/api.w.org\/{rel}","templated":true}]}}