{"id":1728,"date":"2015-04-20T22:57:26","date_gmt":"2015-04-20T20:57:26","guid":{"rendered":"http:\/\/ffw-neuhaus.de\/?p=1728"},"modified":"2015-04-25T12:55:11","modified_gmt":"2015-04-25T10:55:11","slug":"leistungspruefung-brand-gruppe-79-80","status":"publish","type":"post","link":"http:\/\/ffw-neuhaus.de\/?p=1728","title":{"rendered":"Leistungspr\u00fcfung &#8222;Brand&#8220; &#8211; Gruppe 79 &#038; 80"},"content":{"rendered":"<p>Nachdem 13 Kameraden von uns eine Woche flei\u00dfig ge\u00fcbt haben, stand am Freitag den 17.04.2015 die Leistungspr\u00fcfung &#8222;Brand&#8220; f\u00fcr die 79. und 80. Gruppe der FFW Neuhaus an. Zum ersten Mal wurde die Variante mit Atemschutz einstudiert. Bei der Leistungspr\u00fcfung m\u00fcssen die grundlegenden Handgriffe beim Brandeinsatz unter Beobachtung von drei Schiedsrichtern unter Beweis gestellt werden. Dazu z\u00e4hlen der Aufbau eines L\u00f6schangriffs, das Saugschlauch Kuppeln sowie Knoten und Stiche. Zudem m\u00fcssen Kameraden, welche eine h\u00f6here Stufe ablegen eine eigene Sonderaufgabe ableisten. Dank der fachkundigen Ausbildung von Franz Sch\u00f6nberger bestanden beide Gruppen die Leistungspr\u00fcfung mit einer sehr guten Leistung, welche von den Schiedsrichtern Kreisbrandinspektor Josef Kres, Kreisbrandmeister Uli Kraus und Kreisbrandmeister Alfons Huber best\u00e4tigt wurde. Fabian Bogner legte Stufe 1 (Bronze) ab, Bergler Tobias, Daniel Bogner, K\u00fchnl Fabian, Mayer Florian, Qayyum Ismail, Selch Fabian Stufe 2 (Silber), Kreinh\u00f6fner Jonas, Windschiegl Manuel \u00a0Stufe 3 (Gold), Neugirg Thomas Stufe 4 (Gold-Blau), Schrott Benedikt Stufe 5 (Gold-Gr\u00fcn) und Mayer Benjamin und Fabian Zetzl legten mit der Stufe 6 (Gold-Rot) ihre letzte Leistungspr\u00fcfung ab.<\/p>\n<p>&nbsp;<\/p>\n\n\t\t<style type=\"text\/css\">\n\t\t\t#gallery-1 {\n\t\t\t\tmargin: auto;\n\t\t\t}\n\t\t\t#gallery-1 .gallery-item {\n\t\t\t\tfloat: left;\n\t\t\t\tmargin-top: 10px;\n\t\t\t\ttext-align: center;\n\t\t\t\twidth: 33%;\n\t\t\t}\n\t\t\t#gallery-1 img {\n\t\t\t\tborder: 2px solid #cfcfcf;\n\t\t\t}\n\t\t\t#gallery-1 .gallery-caption {\n\t\t\t\tmargin-left: 0;\n\t\t\t}\n\t\t\t\/* see gallery_shortcode() in wp-includes\/media.php *\/\n\t\t<\/style>\n\t\t<div id='gallery-1' class='gallery galleryid-1728 gallery-columns-3 gallery-size-thumbnail'><dl class='gallery-item'>\n\t\t\t<dt class='gallery-icon landscape'>\n\t\t\t\t<a href='http:\/\/ffw-neuhaus.de\/?attachment_id=1743'><img loading=\"lazy\" decoding=\"async\" width=\"150\" height=\"150\" src=\"http:\/\/ffw-neuhaus.de\/wordpress\/wp-content\/uploads\/2015\/04\/IMG_3691web-150x150.jpg\" class=\"attachment-thumbnail size-thumbnail\" alt=\"\" \/><\/a>\n\t\t\t<\/dt><\/dl><dl class='gallery-item'>\n\t\t\t<dt class='gallery-icon landscape'>\n\t\t\t\t<a href='http:\/\/ffw-neuhaus.de\/?attachment_id=1737'><img loading=\"lazy\" decoding=\"async\" width=\"150\" height=\"150\" src=\"http:\/\/ffw-neuhaus.de\/wordpress\/wp-content\/uploads\/2015\/04\/IMG_3657web-150x150.jpg\" class=\"attachment-thumbnail size-thumbnail\" alt=\"\" \/><\/a>\n\t\t\t<\/dt><\/dl><dl class='gallery-item'>\n\t\t\t<dt class='gallery-icon landscape'>\n\t\t\t\t<a href='http:\/\/ffw-neuhaus.de\/?attachment_id=1738'><img loading=\"lazy\" decoding=\"async\" width=\"150\" height=\"150\" src=\"http:\/\/ffw-neuhaus.de\/wordpress\/wp-content\/uploads\/2015\/04\/IMG_3661web-150x150.jpg\" class=\"attachment-thumbnail size-thumbnail\" alt=\"\" \/><\/a>\n\t\t\t<\/dt><\/dl><br style=\"clear: both\" \/><dl class='gallery-item'>\n\t\t\t<dt class='gallery-icon landscape'>\n\t\t\t\t<a href='http:\/\/ffw-neuhaus.de\/?attachment_id=1739'><img loading=\"lazy\" decoding=\"async\" width=\"150\" height=\"150\" src=\"http:\/\/ffw-neuhaus.de\/wordpress\/wp-content\/uploads\/2015\/04\/IMG_3662web-150x150.jpg\" class=\"attachment-thumbnail size-thumbnail\" alt=\"\" \/><\/a>\n\t\t\t<\/dt><\/dl><dl class='gallery-item'>\n\t\t\t<dt class='gallery-icon landscape'>\n\t\t\t\t<a href='http:\/\/ffw-neuhaus.de\/?attachment_id=1740'><img loading=\"lazy\" decoding=\"async\" width=\"150\" height=\"150\" src=\"http:\/\/ffw-neuhaus.de\/wordpress\/wp-content\/uploads\/2015\/04\/IMG_3670web-150x150.jpg\" class=\"attachment-thumbnail size-thumbnail\" alt=\"\" \/><\/a>\n\t\t\t<\/dt><\/dl><dl class='gallery-item'>\n\t\t\t<dt class='gallery-icon landscape'>\n\t\t\t\t<a href='http:\/\/ffw-neuhaus.de\/?attachment_id=1741'><img loading=\"lazy\" decoding=\"async\" width=\"150\" height=\"150\" src=\"http:\/\/ffw-neuhaus.de\/wordpress\/wp-content\/uploads\/2015\/04\/IMG_3679web-150x150.jpg\" class=\"attachment-thumbnail size-thumbnail\" alt=\"\" \/><\/a>\n\t\t\t<\/dt><\/dl><br style=\"clear: both\" \/><dl class='gallery-item'>\n\t\t\t<dt class='gallery-icon portrait'>\n\t\t\t\t<a href='http:\/\/ffw-neuhaus.de\/?attachment_id=1742'><img loading=\"lazy\" decoding=\"async\" width=\"150\" height=\"150\" src=\"http:\/\/ffw-neuhaus.de\/wordpress\/wp-content\/uploads\/2015\/04\/IMG_3683web-150x150.jpg\" class=\"attachment-thumbnail size-thumbnail\" alt=\"\" \/><\/a>\n\t\t\t<\/dt><\/dl>\n\t\t\t<br style='clear: both' \/>\n\t\t<\/div>\n\n<p><em>Bericht im &#8222;Neuen Tag&#8220;:<\/em><\/p>\n<h1>Fit mit Atemschutz<\/h1>\n<h3>Feuerwehr Neuhaus meistert Leistungspr\u00fcfung Brand<\/h3>\n<p>Mit einem hervorragenden Ergebnis legte die 79. und die 80. Gruppe der Feuerwehr Neuhaus die Leistungspr\u00fcfung Brand ab, zum ersten Mal in der Variante 3 mit Atemschutz. Vorausgegangen war eine Woche intensiven Trainings.<\/p>\n<p>Kreisbrandinspektor Josef Kres und die Kreisbrandmeister Uli Kraus und Alfons Huber bescheinigten den beiden Gruppen eine ruhige und fachgerechte Arbeit. &#8222;Es gab nichts zu beanstanden&#8220;, betonte das Schiedsrichterteam. Dar\u00fcber freuten sich nicht nur die Pr\u00fcflinge, sondern auch Kommandant Andreas Bogner, der den Feuerwehrm\u00e4nnern ebenso dankte wie Ausbilder Franz Sch\u00f6nberger f\u00fcr die hervorragende Vorbereitung der Truppe. Sichtlich beeindruckt von der ruhigen und ordentlichen Arbeit zeigte sich auch Stadtrat Markus Weidner, der die Gr\u00fc\u00dfe und den Dank der Stadt \u00fcbermittelte. Diesem Dank schloss sich auch Vorsitzender Christian Windschiegl an.<\/p>\n<p>Die Leistungspr\u00fcfung Stufe 1 legten ab: Fabian Bogner. Stufe 2: Fabian K\u00fchnl, Daniel Bogner, Fabian Selch, Tobias Bergler, Ismail Qayyum, Florian Mayer, Stufe 3: Jonas Kreinh\u00f6fner, Manuel Windschiegl. Stufe 4: Thomas Neugirg. Stufe 5: Benedikt Shrott. Stufe 6: Benjamim Mayer, Fabian Zetzl.<\/p>\n","protected":false},"excerpt":{"rendered":"<p>Nachdem 13 Kameraden von uns eine Woche flei\u00dfig ge\u00fcbt haben, stand am Freitag den 17.04.2015 die Leistungspr\u00fcfung &#8222;Brand&#8220; f\u00fcr die 79. und 80. Gruppe der FFW Neuhaus an. Zum ersten Mal wurde die Variante mit Atemschutz einstudiert. Bei der Leistungspr\u00fcfung &hellip; <a href=\"http:\/\/ffw-neuhaus.de\/?p=1728\">Weiterlesen <span class=\"meta-nav\">&rarr;<\/span><\/a><\/p>\n","protected":false},"author":2,"featured_media":0,"comment_status":"closed","ping_status":"closed","sticky":false,"template":"","format":"standard","meta":{"footnotes":""},"categories":[12,11],"tags":[],"class_list":["post-1728","post","type-post","status-publish","format-standard","hentry","category-uebung","category-aktuelles"],"_links":{"self":[{"href":"http:\/\/ffw-neuhaus.de\/index.php?rest_route=\/wp\/v2\/posts\/1728","targetHints":{"allow":["GET"]}}],"collection":[{"href":"http:\/\/ffw-neuhaus.de\/index.php?rest_route=\/wp\/v2\/posts"}],"about":[{"href":"http:\/\/ffw-neuhaus.de\/index.php?rest_route=\/wp\/v2\/types\/post"}],"author":[{"embeddable":true,"href":"http:\/\/ffw-neuhaus.de\/index.php?rest_route=\/wp\/v2\/users\/2"}],"replies":[{"embeddable":true,"href":"http:\/\/ffw-neuhaus.de\/index.php?rest_route=%2Fwp%2Fv2%2Fcomments&post=1728"}],"version-history":[{"count":6,"href":"http:\/\/ffw-neuhaus.de\/index.php?rest_route=\/wp\/v2\/posts\/1728\/revisions"}],"predecessor-version":[{"id":1750,"href":"http:\/\/ffw-neuhaus.de\/index.php?rest_route=\/wp\/v2\/posts\/1728\/revisions\/1750"}],"wp:attachment":[{"href":"http:\/\/ffw-neuhaus.de\/index.php?rest_route=%2Fwp%2Fv2%2Fmedia&parent=1728"}],"wp:term":[{"taxonomy":"category","embeddable":true,"href":"http:\/\/ffw-neuhaus.de\/index.php?rest_route=%2Fwp%2Fv2%2Fcategories&post=1728"},{"taxonomy":"post_tag","embeddable":true,"href":"http:\/\/ffw-neuhaus.de\/index.php?rest_route=%2Fwp%2Fv2%2Ftags&post=1728"}],"curies":[{"name":"wp","href":"https:\/\/api.w.org\/{rel}","templated":true}]}}