{"id":1754,"date":"2015-05-10T18:44:37","date_gmt":"2015-05-10T16:44:37","guid":{"rendered":"http:\/\/ffw-neuhaus.de\/?p=1754"},"modified":"2015-05-13T19:26:22","modified_gmt":"2015-05-13T17:26:22","slug":"segnung-der-neuen-tragkraftspritze","status":"publish","type":"post","link":"http:\/\/ffw-neuhaus.de\/?p=1754","title":{"rendered":"Segnung der neuen Tragkraftspritze"},"content":{"rendered":"<p>Am gestrigen Samstag fand nach dem Gottesdienst f\u00fcr unseren Schutzpatron Hl. Florian die Segnung unserer neuen Tragkraftspritze statt. Pfarrer Hubert Bartel (ebenfalls in Uniform) gab den Segen. Vorsitzender Windschiegl bedankte sich bei allen Beteiligten der Beschaffung sowie des Einbaus in das L\u00f6schfahrzeug. Kommandant Bogner gab einige Daten zu diesem neuen Einsatzger\u00e4t bekannt. Anschlie\u00dfend zogen wir ins Ger\u00e4tehaus wo wir den Abend mit Zoigl und Brotzeit ausklingen lie\u00dfen.<\/p>\n<p>Bei der TS handelt es sich um eine HALE GP 17\/10. Sie ist aktuell die kleinste Tragkraftspritze auf dem Markt.<\/p>\n<ul>\n<li><strong>Leistung:<\/strong> 70 PS Weber 2-Zylinder Motor mit Elektrostarter<\/li>\n<li><strong>Gewicht:<\/strong> 148 kg<\/li>\n<li><strong>F\u00f6rdermenge:<\/strong> 1700 l\u00a0 bei 10 Bar<\/li>\n<\/ul>\n\n\t\t<style type=\"text\/css\">\n\t\t\t#gallery-1 {\n\t\t\t\tmargin: auto;\n\t\t\t}\n\t\t\t#gallery-1 .gallery-item {\n\t\t\t\tfloat: left;\n\t\t\t\tmargin-top: 10px;\n\t\t\t\ttext-align: center;\n\t\t\t\twidth: 33%;\n\t\t\t}\n\t\t\t#gallery-1 img {\n\t\t\t\tborder: 2px solid #cfcfcf;\n\t\t\t}\n\t\t\t#gallery-1 .gallery-caption {\n\t\t\t\tmargin-left: 0;\n\t\t\t}\n\t\t\t\/* see gallery_shortcode() in wp-includes\/media.php *\/\n\t\t<\/style>\n\t\t<div id='gallery-1' class='gallery galleryid-1754 gallery-columns-3 gallery-size-thumbnail'><dl class='gallery-item'>\n\t\t\t<dt class='gallery-icon landscape'>\n\t\t\t\t<a href='http:\/\/ffw-neuhaus.de\/?attachment_id=1758'><img loading=\"lazy\" decoding=\"async\" width=\"150\" height=\"150\" src=\"http:\/\/ffw-neuhaus.de\/wordpress\/wp-content\/uploads\/2015\/05\/DSC_9080_web-150x150.jpg\" class=\"attachment-thumbnail size-thumbnail\" alt=\"\" \/><\/a>\n\t\t\t<\/dt><\/dl><dl class='gallery-item'>\n\t\t\t<dt class='gallery-icon landscape'>\n\t\t\t\t<a href='http:\/\/ffw-neuhaus.de\/?attachment_id=1757'><img loading=\"lazy\" decoding=\"async\" width=\"150\" height=\"150\" src=\"http:\/\/ffw-neuhaus.de\/wordpress\/wp-content\/uploads\/2015\/05\/DSC_9079_web-150x150.jpg\" class=\"attachment-thumbnail size-thumbnail\" alt=\"\" \/><\/a>\n\t\t\t<\/dt><\/dl><dl class='gallery-item'>\n\t\t\t<dt class='gallery-icon landscape'>\n\t\t\t\t<a href='http:\/\/ffw-neuhaus.de\/?attachment_id=1756'><img loading=\"lazy\" decoding=\"async\" width=\"150\" height=\"150\" src=\"http:\/\/ffw-neuhaus.de\/wordpress\/wp-content\/uploads\/2015\/05\/DSC_9077_web-150x150.jpg\" class=\"attachment-thumbnail size-thumbnail\" alt=\"\" \/><\/a>\n\t\t\t<\/dt><\/dl><br style=\"clear: both\" \/><dl class='gallery-item'>\n\t\t\t<dt class='gallery-icon landscape'>\n\t\t\t\t<a href='http:\/\/ffw-neuhaus.de\/?attachment_id=1755'><img loading=\"lazy\" decoding=\"async\" width=\"150\" height=\"150\" src=\"http:\/\/ffw-neuhaus.de\/wordpress\/wp-content\/uploads\/2015\/05\/DSC_9073-150x150.jpg\" class=\"attachment-thumbnail size-thumbnail\" alt=\"\" \/><\/a>\n\t\t\t<\/dt><\/dl><dl class='gallery-item'>\n\t\t\t<dt class='gallery-icon landscape'>\n\t\t\t\t<a href='http:\/\/ffw-neuhaus.de\/?attachment_id=1759'><img loading=\"lazy\" decoding=\"async\" width=\"150\" height=\"150\" src=\"http:\/\/ffw-neuhaus.de\/wordpress\/wp-content\/uploads\/2015\/05\/DSC_9084_web-150x150.jpg\" class=\"attachment-thumbnail size-thumbnail\" alt=\"\" \/><\/a>\n\t\t\t<\/dt><\/dl>\n\t\t\t<br style='clear: both' \/>\n\t\t<\/div>\n\n<p><em>Bericht im &#8222;Neuen Tag&#8220;<\/em><\/p>\n<h1>L\u00f6schen mit Gottes Segen<\/h1>\n<h2><b>Nun kann nichts mehr schiefgehen. Pfarrer Hubert Bartel segnete die neue Tragkraftspritze f\u00fcr das L\u00f6schgruppenfahrzeug.<\/b><\/h2>\n<p>Mit einem Gottesdienst zu Ehren ihres Schutzpatrons feierten die Neuhauser Floriansj\u00fcnger am Samstag in der Heilig-Geist Kirche die Segnung ihrer neuen Tragkraftspritze. Pfarrer Bartel w\u00fcrdigte in der Predigt das Feuerwehr-Engagement als eine Form der N\u00e4chstenliebe. &#8222;Sie sind bereit zu helfen, dort wo Hilfe ben\u00f6tigt wird. Jeder hat seine Aufgabe, und jeder opfert seine Zeit.&#8220;<\/p>\n<h3 class=\"text_zt\">Eine Spritze musste her<\/h3>\n<p>Zur Segnung der Tragkraftspritze hatten sich die Floriansj\u00fcnger und zahlreiche B\u00fcrger vor dem Gotteshaus versammelt, wo Vorsitzender Christian Windschiegl und Kommandant Andreas Bogner kurz das Warum dieser Anschaffung erl\u00e4uterten. Begonnen hatte die Diskussion dar\u00fcber vor rund drei Jahren, als die Ausstattung f\u00fcr das neue LF 10 geplant wurde.<\/p>\n<p>Doch nach einem Jahr war allen klar, dass das L\u00f6schgruppenfahrzeug mit einer Tragkraftspritze ausgestattet werden muss. Die l\u00e4ndliche Gegend, die gro\u00dfen Waldgebiete und nicht zuletzt die Umstellung der Alarmierungsstrategie durch die ILS machten die Anschaffung einer Tragkraftspritze f\u00fcr die Feuerwehr Neuhaus unumg\u00e4nglich, zumal auch im Stadtkern von Windischeschenbach keine vorhanden ist.<\/p>\n<p>Der Stadtrat hatte schlie\u00dflich den Kauf beschlossen. Die Kosten, abz\u00fcglich der F\u00f6rderung, teilen sich die Stadt und die Feuerwehr Neuhaus. B\u00fcrgermeister Karlheinz Budnik lobte die Bereitschaft, sich immer wieder neuen Herausforderungen zu stellen.<\/p>\n<h3 class=\"text_zt\">Segen f\u00fcr die Menschen<\/h3>\n<p>&#8222;Ich begl\u00fcckw\u00fcnsche den Feuerwehrverein und danke den Spendern, die zur Anschaffung der Tragkraftspritze beigetragen haben. Und ich begl\u00fcckw\u00fcnsche die Stadt Windischeschenbach, dass sie in Neuhaus auf eine engagierte Feuerwehr zur\u00fcckgreifen kann&#8220;, betonte der Rathauschef. M\u00f6ge die Tragkraftspritze ein Segen f\u00fcr alle Menschen sein, die im Schutzbereich der Feuerwehr Neuhaus Hilfe in Not suchen.<\/p>\n","protected":false},"excerpt":{"rendered":"<p>Am gestrigen Samstag fand nach dem Gottesdienst f\u00fcr unseren Schutzpatron Hl. Florian die Segnung unserer neuen Tragkraftspritze statt. Pfarrer Hubert Bartel (ebenfalls in Uniform) gab den Segen. Vorsitzender Windschiegl bedankte sich bei allen Beteiligten der Beschaffung sowie des Einbaus in &hellip; <a href=\"http:\/\/ffw-neuhaus.de\/?p=1754\">Weiterlesen <span class=\"meta-nav\">&rarr;<\/span><\/a><\/p>\n","protected":false},"author":2,"featured_media":0,"comment_status":"closed","ping_status":"closed","sticky":false,"template":"","format":"standard","meta":{"footnotes":""},"categories":[11],"tags":[],"class_list":["post-1754","post","type-post","status-publish","format-standard","hentry","category-aktuelles"],"_links":{"self":[{"href":"http:\/\/ffw-neuhaus.de\/index.php?rest_route=\/wp\/v2\/posts\/1754","targetHints":{"allow":["GET"]}}],"collection":[{"href":"http:\/\/ffw-neuhaus.de\/index.php?rest_route=\/wp\/v2\/posts"}],"about":[{"href":"http:\/\/ffw-neuhaus.de\/index.php?rest_route=\/wp\/v2\/types\/post"}],"author":[{"embeddable":true,"href":"http:\/\/ffw-neuhaus.de\/index.php?rest_route=\/wp\/v2\/users\/2"}],"replies":[{"embeddable":true,"href":"http:\/\/ffw-neuhaus.de\/index.php?rest_route=%2Fwp%2Fv2%2Fcomments&post=1754"}],"version-history":[{"count":3,"href":"http:\/\/ffw-neuhaus.de\/index.php?rest_route=\/wp\/v2\/posts\/1754\/revisions"}],"predecessor-version":[{"id":1763,"href":"http:\/\/ffw-neuhaus.de\/index.php?rest_route=\/wp\/v2\/posts\/1754\/revisions\/1763"}],"wp:attachment":[{"href":"http:\/\/ffw-neuhaus.de\/index.php?rest_route=%2Fwp%2Fv2%2Fmedia&parent=1754"}],"wp:term":[{"taxonomy":"category","embeddable":true,"href":"http:\/\/ffw-neuhaus.de\/index.php?rest_route=%2Fwp%2Fv2%2Fcategories&post=1754"},{"taxonomy":"post_tag","embeddable":true,"href":"http:\/\/ffw-neuhaus.de\/index.php?rest_route=%2Fwp%2Fv2%2Ftags&post=1754"}],"curies":[{"name":"wp","href":"https:\/\/api.w.org\/{rel}","templated":true}]}}