{"id":1856,"date":"2015-08-05T11:00:54","date_gmt":"2015-08-05T09:00:54","guid":{"rendered":"http:\/\/ffw-neuhaus.de\/?p=1856"},"modified":"2015-08-07T15:41:48","modified_gmt":"2015-08-07T13:41:48","slug":"34-03-08-2015-brand-lkw","status":"publish","type":"post","link":"http:\/\/ffw-neuhaus.de\/?p=1856","title":{"rendered":"#34 &#8211; 03.08.2015 &#8211; Brand LKW"},"content":{"rendered":"<p><strong>Datum:<\/strong> 03.08.2015<br \/>\n<strong>Uhrzeit:<\/strong>\u00a014:02 Uhr<br \/>\n<strong>Alarmierung:<\/strong>\u00a0gro\u00dfe Schleife<br \/>\n<strong> Ort:<\/strong>\u00a0BAB-93, Fahrtrichtung Norden<br \/>\n<strong>Mannschaft:<\/strong> 1\/12<br \/>\n<strong>Meldung:<\/strong> Brand LKW<br \/>\n<strong>Eingesetzte Fahrzeuge:<\/strong> LF10, MTW, VSA<br \/>\n<strong>Einsatzende:<\/strong>\u00a018:00 Uhr<br \/>\n<strong>Alarmierte Feuerwehren:<\/strong> Neuhaus, Windischeschenbach, Neustadt, Wildenreuth, Falkenberg<\/p>\n<div class=\"_5pbx userContent\" data-ft=\"{&quot;tn&quot;:&quot;K&quot;}\">\n<div id=\"id_55c1cf2c748570e32219598\" class=\"text_exposed_root text_exposed\">\n<p>Ein 28 j\u00e4hriger Kraftfahrer aus Niederbayern befuhr am gestrigen Montagnachmittag gegen 14 Uhr mit seinem Sattelzug die A 93 in Fahrtrichtung Hof. Kurz nach der Rastst\u00e4tte Waldnaabtal kam es an seiner Sattelzugmaschine zu einem Motorplatzer und diese fing sofort Feuer. Der Fahrer konnte sein Gef\u00e4hrt gerade noch am Seitenstreifen zum Stehen bringen und die Fah<span class=\"text_exposed_show\">rerkabine verlassen.<\/span><\/p>\n<div class=\"text_exposed_show\">\n<p>Auch der mit Schotter beladene Sattelauflieger, die Teerdecke und die Grasfl\u00e4che neben der Autobahn fingen sofort das Brennen an und wurden erheblich in Mitleidenschaft gezogen. Die Feuerwehr l\u00f6schte die Br\u00e4nde und konnte durch ihr schnelles beherztes Eingreifen ein \u00dcbergreifen des Brandes auf den naheliegenden Wald verhindern.<\/p>\n<p>W\u00e4hrend der L\u00f6scharbeiten waren beide Fahrtrichtungen der A 93 aufgrund der sehr dichten Rauchwolken gesperrt. Die Fahrbahn in Richtung Norden war bis zur Bergung des Sattelzuges gegen 20.20 Uhr gesperrt.<\/p>\n<p>Der entstandene Gesamtschaden d\u00fcrfte sich auf ca. 35.000 Euro belaufen.<\/p>\n<p>Quelle: Verkehrspolizeiinspektion Weiden<\/p>\n<p>Bilder: <a class=\"profileLink\" href=\"https:\/\/www.facebook.com\/OberpfalzBild\" data-hovercard=\"\/ajax\/hovercard\/page.php?id=180411052599\">OberpfalzBild<\/a>\/Roland Wellenh\u00f6fer\/FFW Neuhaus<\/p>\n<\/div>\n<\/div>\n<\/div>\n<div>\n<div data-ft=\"{&quot;tn&quot;:&quot;H&quot;}\">\n<div class=\"mtm\">\n<div class=\"_2a2q\">\n<div class=\"uiScaledImageContainer\">\n\n\t\t<style type=\"text\/css\">\n\t\t\t#gallery-1 {\n\t\t\t\tmargin: auto;\n\t\t\t}\n\t\t\t#gallery-1 .gallery-item {\n\t\t\t\tfloat: left;\n\t\t\t\tmargin-top: 10px;\n\t\t\t\ttext-align: center;\n\t\t\t\twidth: 50%;\n\t\t\t}\n\t\t\t#gallery-1 img {\n\t\t\t\tborder: 2px solid #cfcfcf;\n\t\t\t}\n\t\t\t#gallery-1 .gallery-caption {\n\t\t\t\tmargin-left: 0;\n\t\t\t}\n\t\t\t\/* see gallery_shortcode() in wp-includes\/media.php *\/\n\t\t<\/style>\n\t\t<div id='gallery-1' class='gallery galleryid-1856 gallery-columns-2 gallery-size-thumbnail'><dl class='gallery-item'>\n\t\t\t<dt class='gallery-icon landscape'>\n\t\t\t\t<a href='http:\/\/ffw-neuhaus.de\/?attachment_id=1865'><img loading=\"lazy\" decoding=\"async\" width=\"150\" height=\"150\" src=\"http:\/\/ffw-neuhaus.de\/wordpress\/wp-content\/uploads\/2015\/08\/20604_926755334030367_2732977387210121625_n-150x150.jpg\" class=\"attachment-thumbnail size-thumbnail\" alt=\"\" \/><\/a>\n\t\t\t<\/dt><\/dl><dl class='gallery-item'>\n\t\t\t<dt class='gallery-icon landscape'>\n\t\t\t\t<a href='http:\/\/ffw-neuhaus.de\/?attachment_id=1866'><img loading=\"lazy\" decoding=\"async\" width=\"150\" height=\"150\" src=\"http:\/\/ffw-neuhaus.de\/wordpress\/wp-content\/uploads\/2015\/08\/DSCI0841_web-150x150.jpg\" class=\"attachment-thumbnail size-thumbnail\" alt=\"\" \/><\/a>\n\t\t\t<\/dt><\/dl><br style=\"clear: both\" \/><dl class='gallery-item'>\n\t\t\t<dt class='gallery-icon landscape'>\n\t\t\t\t<a href='http:\/\/ffw-neuhaus.de\/?attachment_id=1867'><img loading=\"lazy\" decoding=\"async\" width=\"150\" height=\"150\" src=\"http:\/\/ffw-neuhaus.de\/wordpress\/wp-content\/uploads\/2015\/08\/DSCI0843_web-150x150.jpg\" class=\"attachment-thumbnail size-thumbnail\" alt=\"\" aria-describedby=\"gallery-1-1867\" \/><\/a>\n\t\t\t<\/dt>\n\t\t\t\t<dd class='wp-caption-text gallery-caption' id='gallery-1-1867'>\n\t\t\t\tKameraden der FFW Windischeschenbach beim L\u00f6schen\n\t\t\t\t<\/dd><\/dl><dl class='gallery-item'>\n\t\t\t<dt class='gallery-icon landscape'>\n\t\t\t\t<a href='http:\/\/ffw-neuhaus.de\/?attachment_id=1868'><img loading=\"lazy\" decoding=\"async\" width=\"150\" height=\"150\" src=\"http:\/\/ffw-neuhaus.de\/wordpress\/wp-content\/uploads\/2015\/08\/DSCI0845_web-150x150.jpg\" class=\"attachment-thumbnail size-thumbnail\" alt=\"\" \/><\/a>\n\t\t\t<\/dt><\/dl><br style=\"clear: both\" \/>\n\t\t<\/div>\n\n<\/div>\n<\/div>\n<\/div>\n<\/div>\n<\/div>\n","protected":false},"excerpt":{"rendered":"<p>Datum: 03.08.2015 Uhrzeit:\u00a014:02 Uhr Alarmierung:\u00a0gro\u00dfe Schleife Ort:\u00a0BAB-93, Fahrtrichtung Norden Mannschaft: 1\/12 Meldung: Brand LKW Eingesetzte Fahrzeuge: LF10, MTW, VSA Einsatzende:\u00a018:00 Uhr Alarmierte Feuerwehren: Neuhaus, Windischeschenbach, Neustadt, Wildenreuth, Falkenberg Ein 28 j\u00e4hriger Kraftfahrer aus Niederbayern befuhr am gestrigen Montagnachmittag gegen 14 &hellip; <a href=\"http:\/\/ffw-neuhaus.de\/?p=1856\">Weiterlesen <span class=\"meta-nav\">&rarr;<\/span><\/a><\/p>\n","protected":false},"author":3,"featured_media":0,"comment_status":"closed","ping_status":"closed","sticky":false,"template":"","format":"standard","meta":{"footnotes":""},"categories":[16,19],"tags":[],"class_list":["post-1856","post","type-post","status-publish","format-standard","hentry","category-einsaetze","category-einsaetze-2015"],"_links":{"self":[{"href":"http:\/\/ffw-neuhaus.de\/index.php?rest_route=\/wp\/v2\/posts\/1856","targetHints":{"allow":["GET"]}}],"collection":[{"href":"http:\/\/ffw-neuhaus.de\/index.php?rest_route=\/wp\/v2\/posts"}],"about":[{"href":"http:\/\/ffw-neuhaus.de\/index.php?rest_route=\/wp\/v2\/types\/post"}],"author":[{"embeddable":true,"href":"http:\/\/ffw-neuhaus.de\/index.php?rest_route=\/wp\/v2\/users\/3"}],"replies":[{"embeddable":true,"href":"http:\/\/ffw-neuhaus.de\/index.php?rest_route=%2Fwp%2Fv2%2Fcomments&post=1856"}],"version-history":[{"count":3,"href":"http:\/\/ffw-neuhaus.de\/index.php?rest_route=\/wp\/v2\/posts\/1856\/revisions"}],"predecessor-version":[{"id":1869,"href":"http:\/\/ffw-neuhaus.de\/index.php?rest_route=\/wp\/v2\/posts\/1856\/revisions\/1869"}],"wp:attachment":[{"href":"http:\/\/ffw-neuhaus.de\/index.php?rest_route=%2Fwp%2Fv2%2Fmedia&parent=1856"}],"wp:term":[{"taxonomy":"category","embeddable":true,"href":"http:\/\/ffw-neuhaus.de\/index.php?rest_route=%2Fwp%2Fv2%2Fcategories&post=1856"},{"taxonomy":"post_tag","embeddable":true,"href":"http:\/\/ffw-neuhaus.de\/index.php?rest_route=%2Fwp%2Fv2%2Ftags&post=1856"}],"curies":[{"name":"wp","href":"https:\/\/api.w.org\/{rel}","templated":true}]}}