{"id":1863,"date":"2015-08-07T15:44:20","date_gmt":"2015-08-07T13:44:20","guid":{"rendered":"http:\/\/ffw-neuhaus.de\/?p=1863"},"modified":"2015-08-07T17:45:30","modified_gmt":"2015-08-07T15:45:30","slug":"36-06-08-2015-brand-pkw","status":"publish","type":"post","link":"http:\/\/ffw-neuhaus.de\/?p=1863","title":{"rendered":"#36 &#8211; 06.08.2015 &#8211; Brand &#8211; PKW"},"content":{"rendered":"<p><strong>Datum:<\/strong> 06.08.2015<br \/>\n<strong>Uhrzeit:<\/strong>\u00a013:26 Uhr<br \/>\n<strong>Alarmierung:<\/strong>\u00a0gro\u00dfe Schleife<br \/>\n<strong>Ort:<\/strong>\u00a0BAB-93, Fahrtrichtung Norden<br \/>\n<strong>Mannschaft:<\/strong> 1\/7<br \/>\n<strong>Meldung:<\/strong> Brand PKW<br \/>\n<strong>Eingesetzte Fahrzeuge:<\/strong> LF10, MTW, VSA<br \/>\n<strong>Einsatzende:<\/strong>\u00a015:15 Uhr<br \/>\n<strong>Alarmierte Feuerwehren:<\/strong> Neuhaus, Mitterteich, Wiesau, Sch\u00f6nhaid, Voitenthann<\/p>\n<p>Auf der A-93 in Fahrtrichtung Norden zwischen den AS Wiesau und Mitterteich S\u00fcd brannte ein Kleintransporter komplett aus. Die Kollegen aus Mitterteich l\u00f6schten den Brand am Fahrzeug und der bereits brennenden B\u00f6schung ab. Wir leiteten den Verkehr auf der linken Spur vorbei. Nachdem das Wrack verladen war, konnten wir die Einsatzstelle wieder verlassen.<\/p>\n<p><a href=\"http:\/\/ffw-neuhaus.de\/wordpress\/wp-content\/uploads\/2015\/08\/DSCI0851_web.jpg\"><img loading=\"lazy\" decoding=\"async\" class=\"alignnone size-medium wp-image-1871\" src=\"http:\/\/ffw-neuhaus.de\/wordpress\/wp-content\/uploads\/2015\/08\/DSCI0851_web-300x225.jpg\" alt=\"DSCI0851_web\" width=\"300\" height=\"225\" srcset=\"http:\/\/ffw-neuhaus.de\/wordpress\/wp-content\/uploads\/2015\/08\/DSCI0851_web-300x225.jpg 300w, http:\/\/ffw-neuhaus.de\/wordpress\/wp-content\/uploads\/2015\/08\/DSCI0851_web-400x300.jpg 400w, http:\/\/ffw-neuhaus.de\/wordpress\/wp-content\/uploads\/2015\/08\/DSCI0851_web.jpg 1000w\" sizes=\"auto, (max-width: 300px) 100vw, 300px\" \/><\/a><\/p>\n","protected":false},"excerpt":{"rendered":"<p>Datum: 06.08.2015 Uhrzeit:\u00a013:26 Uhr Alarmierung:\u00a0gro\u00dfe Schleife Ort:\u00a0BAB-93, Fahrtrichtung Norden Mannschaft: 1\/7 Meldung: Brand PKW Eingesetzte Fahrzeuge: LF10, MTW, VSA Einsatzende:\u00a015:15 Uhr Alarmierte Feuerwehren: Neuhaus, Mitterteich, Wiesau, Sch\u00f6nhaid, Voitenthann Auf der A-93 in Fahrtrichtung Norden zwischen den AS Wiesau und Mitterteich &hellip; <a href=\"http:\/\/ffw-neuhaus.de\/?p=1863\">Weiterlesen <span class=\"meta-nav\">&rarr;<\/span><\/a><\/p>\n","protected":false},"author":3,"featured_media":0,"comment_status":"closed","ping_status":"closed","sticky":false,"template":"","format":"standard","meta":{"footnotes":""},"categories":[16,19],"tags":[],"class_list":["post-1863","post","type-post","status-publish","format-standard","hentry","category-einsaetze","category-einsaetze-2015"],"_links":{"self":[{"href":"http:\/\/ffw-neuhaus.de\/index.php?rest_route=\/wp\/v2\/posts\/1863","targetHints":{"allow":["GET"]}}],"collection":[{"href":"http:\/\/ffw-neuhaus.de\/index.php?rest_route=\/wp\/v2\/posts"}],"about":[{"href":"http:\/\/ffw-neuhaus.de\/index.php?rest_route=\/wp\/v2\/types\/post"}],"author":[{"embeddable":true,"href":"http:\/\/ffw-neuhaus.de\/index.php?rest_route=\/wp\/v2\/users\/3"}],"replies":[{"embeddable":true,"href":"http:\/\/ffw-neuhaus.de\/index.php?rest_route=%2Fwp%2Fv2%2Fcomments&post=1863"}],"version-history":[{"count":2,"href":"http:\/\/ffw-neuhaus.de\/index.php?rest_route=\/wp\/v2\/posts\/1863\/revisions"}],"predecessor-version":[{"id":1872,"href":"http:\/\/ffw-neuhaus.de\/index.php?rest_route=\/wp\/v2\/posts\/1863\/revisions\/1872"}],"wp:attachment":[{"href":"http:\/\/ffw-neuhaus.de\/index.php?rest_route=%2Fwp%2Fv2%2Fmedia&parent=1863"}],"wp:term":[{"taxonomy":"category","embeddable":true,"href":"http:\/\/ffw-neuhaus.de\/index.php?rest_route=%2Fwp%2Fv2%2Fcategories&post=1863"},{"taxonomy":"post_tag","embeddable":true,"href":"http:\/\/ffw-neuhaus.de\/index.php?rest_route=%2Fwp%2Fv2%2Ftags&post=1863"}],"curies":[{"name":"wp","href":"https:\/\/api.w.org\/{rel}","templated":true}]}}