{"id":2069,"date":"2016-01-14T15:58:58","date_gmt":"2016-01-14T14:58:58","guid":{"rendered":"http:\/\/ffw-neuhaus.de\/?p=2069"},"modified":"2016-01-20T16:08:23","modified_gmt":"2016-01-20T15:08:23","slug":"generalversammlung-2016","status":"publish","type":"post","link":"http:\/\/ffw-neuhaus.de\/?p=2069","title":{"rendered":"Generalversammlung 2016"},"content":{"rendered":"<h1><strong>Kamera als Notbehelf<\/strong><\/h1>\n<h3>Kommandant und Vorstand der Feuerwehr Neuhaus blicken positiv auf das vergangene Jahr zur\u00fcck. Zufrieden sind sie aber trotzdem nicht ganz.<\/h3>\n<p>&nbsp;<\/p>\n<p>Neuhaus. Es hat sich immer noch kein Grundst\u00fcck f\u00fcr ein neues Ger\u00e4tehauses gefunden. Das hei\u00dft auch, dass das Feuerwehrauto nach wie vor in der engen Kurve r\u00fcckw\u00e4rts aus der Garage fahren muss. Auch bei der Wartung und Pflege bleibt es eng.<\/p>\n<p><strong>Eigeninitiative<\/strong><br \/>\n350 Euro von der Volksbank will Kommandant Andreas Bogner als Anzahlung f\u00fcr eine R\u00fcckfahrkamera verwenden. &#8222;Den Einbau erledigen zwei Kameraden, die Brotzeit daf\u00fcr spendiere ich&#8220;, verk\u00fcndete er in der Generalversammlung im Lingl-Saal. Sollte eine Finanzierungsl\u00fccke bleiben, will zweiter Kommandant Thomas Wilhelm einspringen.<\/p>\n<p>Kassenwart Johannes Eibl bezeichnete den Rosenmontagsball als gr\u00f6\u00dfte Einnahmequelle des vergangenen Jahres. Vorsitzender Christian Windschiegl monierte, dass wenige eigene Mitglieder gekommen seien. Er \u00e4u\u00dferte die dringende Bitte, dies bei der Neuauflage am 8. Februar zu verbessern. &#8222;Das w\u00fcrde auch die M\u00fchen der Kameraden belohnen, die sich mit viel Ehrgeiz engagieren.&#8220; Motto ist diesmal das Mittelalter. Das Neuhauser Prinzenpaar der Pfadfinder Faschingsgesellschaft wird den Ball unterst\u00fctzen.<\/p>\n<p>Vorsitzender Christian Windschiegl erinnerte an Veranstaltungen wie das Bankerlfest oder das Maibaumaufstellen am Marktplatz sowie die Segnung der neuen Tragkraftspritze nach dem Floriansamt. Zum Jahresende z\u00e4hlte die Wehr 126 Mitglieder, davon einschlie\u00dflich der Jugendlichen 68 Aktive.<\/p>\n<p>B\u00fcrgermeister Karlheinz Budnik betonte, dass die Stadt alles tun werde, die freiwilligen Helfer bestm\u00f6glich zu unterst\u00fctzen. 2015 habe man 20 000 Euro f\u00fcr die Ausstattung der f\u00fcnf Wehren mit neuen Helmen aufgebracht. Stadtrat Werner Sauer dankte der Wehr, dass sie im hei\u00dfen Sommer den Sportplatz ausreichend gew\u00e4ssert habe.<\/p>\n<p>Andr\u00e9 Stessmann, Kommandant der Kollegen aus Windischeschenbach, will mit mehr \u00d6ffentlichkeitsarbeit den Nachwuchs anlocken. Weil Richard Franz bei der Staatsehrung verhindert war, erhielt er am Freitag nachtr\u00e4glich von B\u00fcrgermeister Budnik das goldene Ehrenkreuz f\u00fcr 40 Jahre Mitgliedschaft.<\/p>\n<p>&#8222;Egal ob man 10 oder 70 Eins\u00e4tze abarbeitet, das Wichtigste ist immer noch, dass man jemandem helfen kann und dass wir alle wieder gesund zur\u00fcckkehren&#8220;, sagte Kommandant Bogner. 72 Eins\u00e4tze bedeuteten 12 mehr als noch 2014. Daraus ergaben sich inklusive \u00dcbungen 972 Einsatzstunden.<em> (Anmerkung: Die 972 Stunden sind reine Einsatzzeit &#8211; ohne \u00dcbungen).<\/em><\/p>\n<p>Bei 51 technischen Hilfeleistungen von der Katze im Baum \u00fcber \u00d6lspur oder Verkehrsabsicherung, bis hin zu zahlreichen Unf\u00e4llen auf der Autobahn bewiesen die Kameraden Topform. H\u00e4ufig seien Unf\u00e4lle an der Zu- und Abfahrt der Autobahn gewesen. Zahlreiche Kameraden absolvierten einen Motors\u00e4genkurs, besuchten das Brandhaus W\u00fcrzburg, \u00fcbten als Atemschutzger\u00e4tetr\u00e4ger oder unterzogen sich der Digitalfunk-Schulung.<\/p>\n<p><strong>Schulungen auf dem Plan<\/strong><br \/>\nAls Aufgaben f\u00fcr 2016 nannte Bogner kurz die Inbetriebnahme des Digitalfunks einschlie\u00dflich entsprechender Schulungen, die modulare Truppenausbildung (MTA), Leistungspr\u00fcfungen Brand und Technische Hilfeleistungen (THL) sowie die weitere Suche nach einem Grundst\u00fcck f\u00fcr das Ger\u00e4tehaus.<\/p>\n<p><em>Quelle: Der Neue Tag, 12.01.2016<\/em><\/p>\n\n\t\t<style type=\"text\/css\">\n\t\t\t#gallery-1 {\n\t\t\t\tmargin: auto;\n\t\t\t}\n\t\t\t#gallery-1 .gallery-item {\n\t\t\t\tfloat: left;\n\t\t\t\tmargin-top: 10px;\n\t\t\t\ttext-align: center;\n\t\t\t\twidth: 33%;\n\t\t\t}\n\t\t\t#gallery-1 img {\n\t\t\t\tborder: 2px solid #cfcfcf;\n\t\t\t}\n\t\t\t#gallery-1 .gallery-caption {\n\t\t\t\tmargin-left: 0;\n\t\t\t}\n\t\t\t\/* see gallery_shortcode() in wp-includes\/media.php *\/\n\t\t<\/style>\n\t\t<div id='gallery-1' class='gallery galleryid-2069 gallery-columns-3 gallery-size-thumbnail'><dl class='gallery-item'>\n\t\t\t<dt class='gallery-icon landscape'>\n\t\t\t\t<a href='http:\/\/ffw-neuhaus.de\/?attachment_id=2070'><img loading=\"lazy\" decoding=\"async\" width=\"150\" height=\"150\" src=\"http:\/\/ffw-neuhaus.de\/wordpress\/wp-content\/uploads\/2016\/01\/GV2016_1-150x150.jpg\" class=\"attachment-thumbnail size-thumbnail\" alt=\"\" srcset=\"http:\/\/ffw-neuhaus.de\/wordpress\/wp-content\/uploads\/2016\/01\/GV2016_1-150x150.jpg 150w, http:\/\/ffw-neuhaus.de\/wordpress\/wp-content\/uploads\/2016\/01\/GV2016_1-144x144.jpg 144w\" sizes=\"auto, (max-width: 150px) 100vw, 150px\" \/><\/a>\n\t\t\t<\/dt><\/dl><dl class='gallery-item'>\n\t\t\t<dt class='gallery-icon landscape'>\n\t\t\t\t<a href='http:\/\/ffw-neuhaus.de\/?attachment_id=2071'><img loading=\"lazy\" decoding=\"async\" width=\"150\" height=\"150\" src=\"http:\/\/ffw-neuhaus.de\/wordpress\/wp-content\/uploads\/2016\/01\/GV2016_2-150x150.jpg\" class=\"attachment-thumbnail size-thumbnail\" alt=\"\" srcset=\"http:\/\/ffw-neuhaus.de\/wordpress\/wp-content\/uploads\/2016\/01\/GV2016_2-150x150.jpg 150w, http:\/\/ffw-neuhaus.de\/wordpress\/wp-content\/uploads\/2016\/01\/GV2016_2-144x144.jpg 144w\" sizes=\"auto, (max-width: 150px) 100vw, 150px\" \/><\/a>\n\t\t\t<\/dt><\/dl><dl class='gallery-item'>\n\t\t\t<dt class='gallery-icon landscape'>\n\t\t\t\t<a href='http:\/\/ffw-neuhaus.de\/?attachment_id=2072'><img loading=\"lazy\" decoding=\"async\" width=\"150\" height=\"150\" src=\"http:\/\/ffw-neuhaus.de\/wordpress\/wp-content\/uploads\/2016\/01\/GV2016_3-150x150.jpg\" class=\"attachment-thumbnail size-thumbnail\" alt=\"\" srcset=\"http:\/\/ffw-neuhaus.de\/wordpress\/wp-content\/uploads\/2016\/01\/GV2016_3-150x150.jpg 150w, http:\/\/ffw-neuhaus.de\/wordpress\/wp-content\/uploads\/2016\/01\/GV2016_3-144x144.jpg 144w\" sizes=\"auto, (max-width: 150px) 100vw, 150px\" \/><\/a>\n\t\t\t<\/dt><\/dl><br style=\"clear: both\" \/>\n\t\t<\/div>\n\n<h1><strong>Gute Kameradschaft. Feuerwehr Neuhaus ehrt treue Mitglieder<br \/>\n<\/strong><\/h1>\n<h3>Vorstand und Kommandant der Feuerwehr sind stolz auf ihre Mannschaft. Das betonten sie in der Generalversammlung in Neuhaus. Anders sei es nicht m\u00f6glich gewesen, 72 Eins\u00e4tze erfolgreich zu bestreiten.<\/h3>\n<p>Neuhaus. Dass dazu auch die beste Ausstattung geh\u00f6rte, daf\u00fcr sorgten Funkwart Andreas Bogner, Jugendwart Johannes Braunschmidt, Atemschutzwart Ulrich Kreinh\u00f6fner, Ger\u00e4tewart Thomas Kreinh\u00f6fner und Zeugwart Clemens Sch\u00f6nberger.<\/p>\n<p>Bogner brachte die inzwischen 19 Jahre alten Funkwecker zur Sprache. Sie sollten in etwa f\u00fcnf Jahren gegen Digitalfunkwecker getauscht werden. Kreinh\u00f6fner best\u00e4tigte, dass alle Ger\u00e4te in einem Topzustand seien und freute sich \u00fcber neue Jacken, Helme oder Handsprechger\u00e4te.<\/p>\n<p>Bei den 25 \u00dcbungen wurden 474 Stunden geleistet, bilanzierte Thomas Wilhelm. H\u00f6hepunkt der Versammlung war die Ehrung zahlreicher Mitglieder, allen voran die nachgeholte staatliche Auszeichnung von Richard Franz mit dem goldenen Ehrenkreuz f\u00fcr 40 Jahre Mitgliedschaft. 25 Jahre sind Christian Haubner, Christof Feldmeier, Helmut Kippes, Markus Wilhelm, J\u00fcrgen Punzmann und Reinhard Michl dabei.<\/p>\n<p>Die Urkunde f\u00fcr 50 Jahre erhielten Alexander H\u00f6cht, Albert Beer, Robert Beer, Karl Bergler, Siegfried Windschiegl, Otto Punzmann und Alfons Bergler. 25 Jahre aktive Dienstzeit hat Reinhard Michl absolviert, die staatliche Ehrung steht noch aus. Daniel Bogner und Maurice Schandri wechselten von der Jugend zu den Aktiven. Die Bef\u00f6rderung zum Oberfeuerwehrmann erhielten Christian Bauer, David und Jonas Kreinh\u00f6fner, Fabian K\u00fchnl, Ismail Qayyum, Fabian Selch, Florian Stangl, Johannes und Manuel Windschiegl.<\/p>\n<p>Gitte Kreinh\u00f6fner bedankte sich f\u00fcr den Pfarrgemeinderat f\u00fcr Absicherungen beim Martinszug oder bei Wallfahrten sowie die Hilfe beim Pfarrfest.<\/p>\n<h2>Maibaum zum Dank<\/h2>\n<p>Ehrenkommandant Alfons Bergler betonte, dass gerade das schnelle Eingreifen bei einem Bienenhausbrand gr\u00f6\u00dferen Schaden verhindert habe. Als Gegenleistung werde Tobias Bergler den diesj\u00e4hrigen Maibaum spendieren. Siegfried Windschiegl wollte den aktuellen Stand beim Ausbau der neuen Atemschutzstrecke wissen (Seite 30).<\/p>\n<p>Ulrich Kreinh\u00f6fner stellte in den Raum, dass die SMS-Alarmierung nicht immer klappe. Nun solle gepr\u00fcft werden, ob es auf dem Markt ein System gebe. Das sagte Kommandant Andreas Bogner zu.<\/p>\n<p><em>Quelle: Der Neue Tag, 15.01.2016<\/em><\/p>\n","protected":false},"excerpt":{"rendered":"<p>Kamera als Notbehelf Kommandant und Vorstand der Feuerwehr Neuhaus blicken positiv auf das vergangene Jahr zur\u00fcck. Zufrieden sind sie aber trotzdem nicht ganz. &nbsp; Neuhaus. Es hat sich immer noch kein Grundst\u00fcck f\u00fcr ein neues Ger\u00e4tehauses gefunden. Das hei\u00dft auch, &hellip; <a href=\"http:\/\/ffw-neuhaus.de\/?p=2069\">Weiterlesen <span class=\"meta-nav\">&rarr;<\/span><\/a><\/p>\n","protected":false},"author":2,"featured_media":0,"comment_status":"closed","ping_status":"closed","sticky":false,"template":"","format":"standard","meta":{"footnotes":""},"categories":[12,11,1,13],"tags":[],"class_list":["post-2069","post","type-post","status-publish","format-standard","hentry","category-uebung","category-aktuelles","category-allgemein","category-verein"],"_links":{"self":[{"href":"http:\/\/ffw-neuhaus.de\/index.php?rest_route=\/wp\/v2\/posts\/2069","targetHints":{"allow":["GET"]}}],"collection":[{"href":"http:\/\/ffw-neuhaus.de\/index.php?rest_route=\/wp\/v2\/posts"}],"about":[{"href":"http:\/\/ffw-neuhaus.de\/index.php?rest_route=\/wp\/v2\/types\/post"}],"author":[{"embeddable":true,"href":"http:\/\/ffw-neuhaus.de\/index.php?rest_route=\/wp\/v2\/users\/2"}],"replies":[{"embeddable":true,"href":"http:\/\/ffw-neuhaus.de\/index.php?rest_route=%2Fwp%2Fv2%2Fcomments&post=2069"}],"version-history":[{"count":4,"href":"http:\/\/ffw-neuhaus.de\/index.php?rest_route=\/wp\/v2\/posts\/2069\/revisions"}],"predecessor-version":[{"id":2077,"href":"http:\/\/ffw-neuhaus.de\/index.php?rest_route=\/wp\/v2\/posts\/2069\/revisions\/2077"}],"wp:attachment":[{"href":"http:\/\/ffw-neuhaus.de\/index.php?rest_route=%2Fwp%2Fv2%2Fmedia&parent=2069"}],"wp:term":[{"taxonomy":"category","embeddable":true,"href":"http:\/\/ffw-neuhaus.de\/index.php?rest_route=%2Fwp%2Fv2%2Fcategories&post=2069"},{"taxonomy":"post_tag","embeddable":true,"href":"http:\/\/ffw-neuhaus.de\/index.php?rest_route=%2Fwp%2Fv2%2Ftags&post=2069"}],"curies":[{"name":"wp","href":"https:\/\/api.w.org\/{rel}","templated":true}]}}