{"id":2187,"date":"2016-05-01T21:45:40","date_gmt":"2016-05-01T19:45:40","guid":{"rendered":"http:\/\/ffw-neuhaus.de\/?p=2187"},"modified":"2016-05-01T21:45:40","modified_gmt":"2016-05-01T19:45:40","slug":"17-29-04-2016-thl-vu-lkwperson","status":"publish","type":"post","link":"http:\/\/ffw-neuhaus.de\/?p=2187","title":{"rendered":"#17 &#8211; 29.04.2016 &#8211; THL &#8211; VU LKW\/Person"},"content":{"rendered":"<p><strong>Datum:<\/strong> <span class=\"cmp_parsed_date\" data-ce-class=\"Dates\" data-cmp_parsed_date=\"2016-06-20\">29.04.2016<\/span><br \/>\n<strong>Uhrzeit:<\/strong>\u00a012:25 Uhr<br \/>\n<strong>Alarmierung:<\/strong>\u00a0kleine Schleife<br \/>\n<strong>Ort:<\/strong>\u00a0BAB-93 \/ Fahrtrichtung Norden<br \/>\n<strong>Mannschaft:<\/strong> 1\/7<br \/>\n<strong>Meldung:<\/strong>\u00a0Person von LKW erfasst<br \/>\n<strong>Eingesetzte Fahrzeuge:<\/strong>\u00a0 LF-10, VSA, \u00a0MTW<br \/>\n<strong>Einsatzende:<\/strong>\u00a013:45 Uhr<br \/>\n<strong>Alarmierte Feuerwehren:<\/strong> <span class=\"cmp_parsed_location\" data-ce-class=\"Locations\" data-cmp_parsed_location_other=\"4\" data-cmp_parsed_location_weather=\"K03355049\" data-cmp_parsed_location_name=\"Neuhaus\">Neuhaus, Windischeschenbach<\/span><\/p>\n<p>Auf der A93 in Fahrtrichtung Norden an der Anschlussstelle Windischeschenbach wurde ein Bauarbeiter, der wegen Stra\u00dfenbauarbeiten im Bereich der Baustelle t\u00e4tig war, von einem Lkw erfasst.\u00a0In der Behelfsausfahrt wollte ein Bauarbeiter die Stra\u00dfe \u00fcberqueren und \u00fcbersah dabei einen Lkw, der gerade auf die Autobahn auffahren wollte. Der Mann prallte an der L\u00e4ngsseite in den Lkw.<\/p>\n<p>Durch den Zusammenprall wurde er mehrere Meter durch die Luft geschleudert und kam auf der Fahrbahn zum liegen. Ersthelfer und Kollegen k\u00fcmmerten sich sofort um den Verletzten. Er wurde mit dem BRK in ein Krankenhaus gebracht. Wir sperrten die Auffahrt zur Autobahn\u00a0an der AS-Windischeschenbach.<\/p>\n","protected":false},"excerpt":{"rendered":"<p>Datum: 29.04.2016 Uhrzeit:\u00a012:25 Uhr Alarmierung:\u00a0kleine Schleife Ort:\u00a0BAB-93 \/ Fahrtrichtung Norden Mannschaft: 1\/7 Meldung:\u00a0Person von LKW erfasst Eingesetzte Fahrzeuge:\u00a0 LF-10, VSA, \u00a0MTW Einsatzende:\u00a013:45 Uhr Alarmierte Feuerwehren: Neuhaus, Windischeschenbach Auf der A93 in Fahrtrichtung Norden an der Anschlussstelle Windischeschenbach wurde ein Bauarbeiter, &hellip; <a href=\"http:\/\/ffw-neuhaus.de\/?p=2187\">Weiterlesen <span class=\"meta-nav\">&rarr;<\/span><\/a><\/p>\n","protected":false},"author":3,"featured_media":0,"comment_status":"closed","ping_status":"closed","sticky":false,"template":"","format":"standard","meta":{"footnotes":""},"categories":[16,22],"tags":[],"class_list":["post-2187","post","type-post","status-publish","format-standard","hentry","category-einsaetze","category-einsaetze-2016"],"_links":{"self":[{"href":"http:\/\/ffw-neuhaus.de\/index.php?rest_route=\/wp\/v2\/posts\/2187","targetHints":{"allow":["GET"]}}],"collection":[{"href":"http:\/\/ffw-neuhaus.de\/index.php?rest_route=\/wp\/v2\/posts"}],"about":[{"href":"http:\/\/ffw-neuhaus.de\/index.php?rest_route=\/wp\/v2\/types\/post"}],"author":[{"embeddable":true,"href":"http:\/\/ffw-neuhaus.de\/index.php?rest_route=\/wp\/v2\/users\/3"}],"replies":[{"embeddable":true,"href":"http:\/\/ffw-neuhaus.de\/index.php?rest_route=%2Fwp%2Fv2%2Fcomments&post=2187"}],"version-history":[{"count":1,"href":"http:\/\/ffw-neuhaus.de\/index.php?rest_route=\/wp\/v2\/posts\/2187\/revisions"}],"predecessor-version":[{"id":2188,"href":"http:\/\/ffw-neuhaus.de\/index.php?rest_route=\/wp\/v2\/posts\/2187\/revisions\/2188"}],"wp:attachment":[{"href":"http:\/\/ffw-neuhaus.de\/index.php?rest_route=%2Fwp%2Fv2%2Fmedia&parent=2187"}],"wp:term":[{"taxonomy":"category","embeddable":true,"href":"http:\/\/ffw-neuhaus.de\/index.php?rest_route=%2Fwp%2Fv2%2Fcategories&post=2187"},{"taxonomy":"post_tag","embeddable":true,"href":"http:\/\/ffw-neuhaus.de\/index.php?rest_route=%2Fwp%2Fv2%2Ftags&post=2187"}],"curies":[{"name":"wp","href":"https:\/\/api.w.org\/{rel}","templated":true}]}}