{"id":2300,"date":"2016-09-05T19:16:55","date_gmt":"2016-09-05T17:16:55","guid":{"rendered":"http:\/\/ffw-neuhaus.de\/?p=2300"},"modified":"2016-09-05T19:16:55","modified_gmt":"2016-09-05T17:16:55","slug":"39-05-09-2016-thl-vu-a-93","status":"publish","type":"post","link":"http:\/\/ffw-neuhaus.de\/?p=2300","title":{"rendered":"#39 &#8211; 05.09.2016 &#8211; THL &#8211; VU A-93"},"content":{"rendered":"<p><strong>Datum:<\/strong> 05<span class=\"cmp_parsed_date\" data-ce-class=\"Dates\" data-cmp_parsed_date=\"2016-06-20\">.09.2016<\/span><br \/>\n<strong>Uhrzeit:<\/strong> 13:18 Uhr<br \/>\n<strong>Alarmierung:<\/strong> gro\u00dfe Schleife<br \/>\n<strong>Ort:<\/strong> BAB \u2013 93<br \/>\n<strong>Mannschaft:<\/strong> 1\/8<br \/>\n<strong>Meldung:<\/strong> VU LKW &#8211; BAB-93<br \/>\n<strong>Eingesetzte Fahrzeuge: <\/strong>LF-10, VSA, MTW<br \/>\n<strong>Einsatzende: <\/strong>17:00 Uhr<br \/>\n<strong>Alarmierte Feuerwehren:<\/strong> <span class=\"cmp_parsed_location\" data-ce-class=\"Locations\" data-cmp_parsed_location_other=\"4\" data-cmp_parsed_location_weather=\"K03355049\" data-cmp_parsed_location_name=\"Neuhaus\">Neuhaus, Windischeschenbach, Bernstein, Falkenberg, Neustadt\/WN<br \/>\n<\/span><\/p>\n<p>Gegen 13.00 Uhr fuhr ein 55-j\u00e4hriger Brandenburger mit seinem LKW in Richtung S\u00fcden. Aus Unachtsamkeit prallte der 40-Tonner kurz vor der Anschlussstelle Windischeschenbach ungebremst gegen einen auf dem rechten Fahrstreifen abgestellten Vorwarnanh\u00e4nger. Dieser sollte eine Baustelle absichern.<\/p>\n<p>Durch die Wucht des Aufpralls wurde der abgestellte Lkw samt Vorwarneinrichtung nach rechts in den Gr\u00fcnstreifen geschleudert und kippte zur Seite weg. Der Fahrer erlitt durch den Aufprall nur leichte Verletzungen und kam ins Klinikum. Erste Bef\u00fcrchtungen, der Fahrer w\u00e4re im Sattelzug eingeklemmt worden, best\u00e4tigten sich zum Gl\u00fcck nicht. An den Fahrzeugen und am Warnanh\u00e4nger entstand Totalschaden. Die Bergungsarbeiten zogen sich einige Stunden hin. Die A 93 war in Richtung S\u00fcden komplett gesperrt. Wir leiteten den Verkehr in Richtung S\u00fcden an der AS Falkenberg von der Autobahn ab.<\/p>\n","protected":false},"excerpt":{"rendered":"<p>Datum: 05.09.2016 Uhrzeit: 13:18 Uhr Alarmierung: gro\u00dfe Schleife Ort: BAB \u2013 93 Mannschaft: 1\/8 Meldung: VU LKW &#8211; BAB-93 Eingesetzte Fahrzeuge: LF-10, VSA, MTW Einsatzende: 17:00 Uhr Alarmierte Feuerwehren: Neuhaus, Windischeschenbach, Bernstein, Falkenberg, Neustadt\/WN Gegen 13.00 Uhr fuhr ein 55-j\u00e4hriger &hellip; <a href=\"http:\/\/ffw-neuhaus.de\/?p=2300\">Weiterlesen <span class=\"meta-nav\">&rarr;<\/span><\/a><\/p>\n","protected":false},"author":3,"featured_media":0,"comment_status":"closed","ping_status":"closed","sticky":false,"template":"","format":"standard","meta":{"footnotes":""},"categories":[16,22],"tags":[],"class_list":["post-2300","post","type-post","status-publish","format-standard","hentry","category-einsaetze","category-einsaetze-2016"],"_links":{"self":[{"href":"http:\/\/ffw-neuhaus.de\/index.php?rest_route=\/wp\/v2\/posts\/2300","targetHints":{"allow":["GET"]}}],"collection":[{"href":"http:\/\/ffw-neuhaus.de\/index.php?rest_route=\/wp\/v2\/posts"}],"about":[{"href":"http:\/\/ffw-neuhaus.de\/index.php?rest_route=\/wp\/v2\/types\/post"}],"author":[{"embeddable":true,"href":"http:\/\/ffw-neuhaus.de\/index.php?rest_route=\/wp\/v2\/users\/3"}],"replies":[{"embeddable":true,"href":"http:\/\/ffw-neuhaus.de\/index.php?rest_route=%2Fwp%2Fv2%2Fcomments&post=2300"}],"version-history":[{"count":1,"href":"http:\/\/ffw-neuhaus.de\/index.php?rest_route=\/wp\/v2\/posts\/2300\/revisions"}],"predecessor-version":[{"id":2301,"href":"http:\/\/ffw-neuhaus.de\/index.php?rest_route=\/wp\/v2\/posts\/2300\/revisions\/2301"}],"wp:attachment":[{"href":"http:\/\/ffw-neuhaus.de\/index.php?rest_route=%2Fwp%2Fv2%2Fmedia&parent=2300"}],"wp:term":[{"taxonomy":"category","embeddable":true,"href":"http:\/\/ffw-neuhaus.de\/index.php?rest_route=%2Fwp%2Fv2%2Fcategories&post=2300"},{"taxonomy":"post_tag","embeddable":true,"href":"http:\/\/ffw-neuhaus.de\/index.php?rest_route=%2Fwp%2Fv2%2Ftags&post=2300"}],"curies":[{"name":"wp","href":"https:\/\/api.w.org\/{rel}","templated":true}]}}