{"id":2401,"date":"2017-01-17T09:19:37","date_gmt":"2017-01-17T08:19:37","guid":{"rendered":"http:\/\/ffw-neuhaus.de\/?p=2401"},"modified":"2017-01-20T19:40:52","modified_gmt":"2017-01-20T18:40:52","slug":"jahreshauptversammlung-der-feuerwehr-neuhaus","status":"publish","type":"post","link":"http:\/\/ffw-neuhaus.de\/?p=2401","title":{"rendered":"Jahreshauptversammlung der Feuerwehr Neuhaus"},"content":{"rendered":"<h1>Ger\u00e4tehaus ist \u0084Zukunftsmusik<\/h1>\n<h3>Die Feuerwehr Neuhaus setzt bei den Neuwahlen gr\u00f6\u00dftenteils auf ihr bew\u00e4hrtes F\u00fchrungspersonal. F\u00fcr diese Truppe steht wegen eines besonderen Jubil\u00e4ums viel Arbeit an.<\/h3>\n<p>Neuhaus. Allle Redner machten in der Jahreshauptversammlung im Lingl-Saal deutlich, dass die Wehr eine effektive, kameradschaftliche Einheit ist. Vorsitzender Christian Windschiegl informierte, dass die Feuerwehr derzeit 125 Mitglieder hat, davon 68 im aktiven Dienst. 2021 feiere sie das 150-j\u00e4hrige Bestehen. Ein Ereignis, das das neue Vorstandsteam &#8222;stemmen&#8220; m\u00fcsse.<\/p>\n<p>Kommandant Andreas Bogner berichtete von 55 Eins\u00e4tzen, davon 14 Br\u00e4nde und 32 technische Hilfeleistung, wie Keller unter Wasser, \u00d6lspur und Personenrettung bis zur Hilfe bei Problemen mit Insekten. Neunmal war die Wehr zu \u00fcblichen Verkehrsabsicherungen bei Veranstaltungen oder aus speziellem Anlass, wie der Kommandant es formulierte, &#8222;wenn ein Friedensengel landet&#8220;. Etwas ruhiger sei es auf der A 93 gewesen. Dorthin musste man 17 Mal ausr\u00fccken (2015: 27). Zu den insgesamt 994 Stunden Eins\u00e4tzen kamen 1685 \u00dcbungs- und Ausbildungsstunden. 2017 wird Stadtpfarrer Hubert Bartel einen Vortrag \u00fcber Unfallseelsorge halten. &#8222;Zukunftsmusik und noch nicht spruchreif&#8220; ist ein Neubau des Ger\u00e4tehauses, der auf lange Sicht notwendig sein wird.<\/p>\n<p>Jugendwart Johannes Braunschmid berichtete, dass f\u00fcr die Jugendlichen wieder Ausbildungs-Module anstanden. Atemschutzwart Ulrich Kreinh\u00f6fner informierte, dass 4 Ger\u00e4te f\u00fcr 23 aktive Tr\u00e4ger zur Verf\u00fcgung stehen. F\u00fcr den verhinderten Johannes Eibl gab stellvertretender Kassier Thomas Neugirg einen erfreulichen Kassenbericht. Erich Sperber dankte f\u00fcr den B\u00fcrgermeister und die CSU-Stadtratsfraktion, Werner Sauer seitens der SPD-Fraktion und Brigitte Kreinh\u00f6fner im Namen der Pfarrei Heilig Geist f\u00fcr Verkehrssicherung bei Prozessionen und Wallfahrten. Thomas Wilhelm, stellvertretender Kommandant und Feuerwehrreferent im Stadtrat, bat um Geduld hinsichtlich des Neubaus des Feuerwehrhauses. Andr\u00e9 Stessmann, Kommandant der Windischeschenbacher Wehr, lobte, dass &#8222;man sich bei Eins\u00e4tzen aufeinander verlassen kann&#8220;.<\/p>\n<p>Bei den Neuwahlen trat stellvertretender Vorsitzender Reinhard Michl nicht mehr an. Folgendes Team f\u00fchrt die Neuhauser: Vorsitzender Christian Windschiegl, stellvertretender Vorsitzender Fabian K\u00fchnl, Schriftf\u00fchrer David Kreinh\u00f6fner, Kassier Johannes Eibl, Unterkassier Thomas Neugirg. Beisitzer sind Franz Sch\u00f6nberger und Fabian Zetzl, Revisoren Wolfgang Windschiegl und Reinhard F\u00fctterer, Zeugwart Clemens Sch\u00f6nberger und Jugendsprecher Moritz Punzmann.<\/p>\n<p><a href=\"http:\/\/ffw-neuhaus.de\/wordpress\/wp-content\/uploads\/2017\/01\/JHV-1.jpg\"><img loading=\"lazy\" decoding=\"async\" class=\"aligncenter wp-image-2407 size-large\" src=\"http:\/\/ffw-neuhaus.de\/wordpress\/wp-content\/uploads\/2017\/01\/JHV-1-1024x768.jpg\" alt=\"\" width=\"584\" height=\"438\" srcset=\"http:\/\/ffw-neuhaus.de\/wordpress\/wp-content\/uploads\/2017\/01\/JHV-1-1024x768.jpg 1024w, http:\/\/ffw-neuhaus.de\/wordpress\/wp-content\/uploads\/2017\/01\/JHV-1-300x225.jpg 300w, http:\/\/ffw-neuhaus.de\/wordpress\/wp-content\/uploads\/2017\/01\/JHV-1-400x300.jpg 400w\" sizes=\"auto, (max-width: 584px) 100vw, 584px\" \/><\/a><\/p>\n<p><em>Quelle: ONetz, 15.01.2017<\/em><\/p>\n<p>&nbsp;<\/p>\n<h1>Ehre wem Ehre geb\u00fchrt<\/h1>\n<h3>Neuhauser Feuerwehr ehrt Aktive und Vereinsmitglieder<\/h3>\n<p>Die Jahreshauptversammlung der Freiwilligen Feuerwehr Neuhaus im Linglsaal war der passende Rahmen f\u00fcr Vorsitzenden Christian Windschiegl und Kommandanten Andreas Bogner, Ehrungen f\u00fcr Aktive und Vereinsmitglieder vorzunehmen und Mitglieder zu bef\u00f6rdern. Drei junge M\u00e4nner wurden offiziell zu Feuerwehrm\u00e4nnern: Fabian Bogner, Simon Sch\u00f6nberger und Simon Windschiegl sind jetzt vollwertige Einsatzkr\u00e4fte. Zehn Feuerwehrler wurden f\u00fcr 10 Jahre aktive Dienstzeit geehrt: Christian Bauer, Stefan Bauer, Lukas F\u00fctterer, Jonas Kreinh\u00f6fner, Florian Meier, Raphael Sch\u00f6nberger, Florian Stangl, Johannes Windschiegl, Manuel Windschiegl und Sebastian Witt. Drei Mitglieder geh\u00f6ren bereits 20 Jahre lang aktiv zur Feuerwehr: Peter Bergler, Sebastian Bergler und Johannes Braunschmid. 25 Jahre engagieren sich bereits aktiv Peter Kreinh\u00f6fner, Franz Sch\u00f6nberger und Christian Windschiegl, 40 Jahre aktiven Dienst leistet Wolfgang Windschiegl.<\/p>\n<p>F\u00fcr lange Jahre Mitgliedschaft in der Wehr ging der Dank an Franz Sch\u00f6nberger, Peter Kreinh\u00f6fner und Christian Windschiegl f\u00fcr 25 Jahre, letzterer bereits 12 Jahre davon als Vorstand. 40 Jahre dem Verein die Treue halten Rupert Beer, Bernhard K\u00e4\u00df und Wolfgang Windschiegl . Stolze 60 Jahre Mitgliedschaft in der Wehr k\u00f6nnen aufweisen Karl Kreinh\u00f6fner, Ludwig Sch\u00f6n und Albert Mark. Die Vorstandschaft und die Vertreter der Stadt bedankten sich bei den Geehrten f\u00fcr ihre Treue. Beendet wurde der Abend mit dem Leitspruch der Feuerwehr \u201eGott zur Ehr, dem n\u00e4chsten zur Wehr\u201c<\/p>\n<p><a href=\"http:\/\/ffw-neuhaus.de\/wordpress\/wp-content\/uploads\/2017\/01\/JHV-2.jpg\"><img loading=\"lazy\" decoding=\"async\" class=\"aligncenter wp-image-2408 size-large\" src=\"http:\/\/ffw-neuhaus.de\/wordpress\/wp-content\/uploads\/2017\/01\/JHV-2-1024x768.jpg\" alt=\"\" width=\"584\" height=\"438\" srcset=\"http:\/\/ffw-neuhaus.de\/wordpress\/wp-content\/uploads\/2017\/01\/JHV-2-1024x768.jpg 1024w, http:\/\/ffw-neuhaus.de\/wordpress\/wp-content\/uploads\/2017\/01\/JHV-2-300x225.jpg 300w, http:\/\/ffw-neuhaus.de\/wordpress\/wp-content\/uploads\/2017\/01\/JHV-2-400x300.jpg 400w\" sizes=\"auto, (max-width: 584px) 100vw, 584px\" \/><\/a><\/p>\n<p>&nbsp;<\/p>\n","protected":false},"excerpt":{"rendered":"<p>Ger\u00e4tehaus ist \u0084Zukunftsmusik Die Feuerwehr Neuhaus setzt bei den Neuwahlen gr\u00f6\u00dftenteils auf ihr bew\u00e4hrtes F\u00fchrungspersonal. F\u00fcr diese Truppe steht wegen eines besonderen Jubil\u00e4ums viel Arbeit an. Neuhaus. Allle Redner machten in der Jahreshauptversammlung im Lingl-Saal deutlich, dass die Wehr eine &hellip; <a href=\"http:\/\/ffw-neuhaus.de\/?p=2401\">Weiterlesen <span class=\"meta-nav\">&rarr;<\/span><\/a><\/p>\n","protected":false},"author":2,"featured_media":0,"comment_status":"closed","ping_status":"closed","sticky":false,"template":"","format":"standard","meta":{"footnotes":""},"categories":[11,1],"tags":[],"class_list":["post-2401","post","type-post","status-publish","format-standard","hentry","category-aktuelles","category-allgemein"],"_links":{"self":[{"href":"http:\/\/ffw-neuhaus.de\/index.php?rest_route=\/wp\/v2\/posts\/2401","targetHints":{"allow":["GET"]}}],"collection":[{"href":"http:\/\/ffw-neuhaus.de\/index.php?rest_route=\/wp\/v2\/posts"}],"about":[{"href":"http:\/\/ffw-neuhaus.de\/index.php?rest_route=\/wp\/v2\/types\/post"}],"author":[{"embeddable":true,"href":"http:\/\/ffw-neuhaus.de\/index.php?rest_route=\/wp\/v2\/users\/2"}],"replies":[{"embeddable":true,"href":"http:\/\/ffw-neuhaus.de\/index.php?rest_route=%2Fwp%2Fv2%2Fcomments&post=2401"}],"version-history":[{"count":3,"href":"http:\/\/ffw-neuhaus.de\/index.php?rest_route=\/wp\/v2\/posts\/2401\/revisions"}],"predecessor-version":[{"id":2409,"href":"http:\/\/ffw-neuhaus.de\/index.php?rest_route=\/wp\/v2\/posts\/2401\/revisions\/2409"}],"wp:attachment":[{"href":"http:\/\/ffw-neuhaus.de\/index.php?rest_route=%2Fwp%2Fv2%2Fmedia&parent=2401"}],"wp:term":[{"taxonomy":"category","embeddable":true,"href":"http:\/\/ffw-neuhaus.de\/index.php?rest_route=%2Fwp%2Fv2%2Fcategories&post=2401"},{"taxonomy":"post_tag","embeddable":true,"href":"http:\/\/ffw-neuhaus.de\/index.php?rest_route=%2Fwp%2Fv2%2Ftags&post=2401"}],"curies":[{"name":"wp","href":"https:\/\/api.w.org\/{rel}","templated":true}]}}