{"id":2591,"date":"2017-09-03T13:16:36","date_gmt":"2017-09-03T11:16:36","guid":{"rendered":"http:\/\/ffw-neuhaus.de\/?p=2591"},"modified":"2017-09-12T09:38:47","modified_gmt":"2017-09-12T07:38:47","slug":"38-01-09-2017-brand-lkw-bab-93","status":"publish","type":"post","link":"http:\/\/ffw-neuhaus.de\/?p=2591","title":{"rendered":"#38 &#8211; 01.09.2017 &#8211; Brand &#8211; LKW BAB-93"},"content":{"rendered":"<p><strong>Datum:<\/strong> 01.09.<span class=\"cmp_parsed_date\" data-ce-class=\"Dates\" data-cmp_parsed_date=\"2016-06-20\">2017<\/span><br \/>\n<strong>Uhrzeit:<\/strong> 13:34 Uhr<br \/>\n<strong>Alarmierung:\u00a0\u00a0<\/strong>gro\u00dfe Schleife<br \/>\n<strong>Ort:<\/strong> BAB-93<br \/>\n<strong>Mannschaft:<\/strong> 1\/13<br \/>\n<strong>Meldung: <\/strong>Brand LKW \/ Autobahn<br \/>\n<strong>Eingesetzte Fahrzeuge: <\/strong>LF-10, MTW, VSA<br \/>\n<strong>Einsatzende: <\/strong>17:00 Uhr<br \/>\n<strong>Alarmierte Feuerwehren: <\/strong>Neuhaus, Windischeschenbach, Bernstein, Krummennaab, Falkenberg, Sch\u00f6nhaid<\/p>\n<p>W\u00e4hrend der Fahrt fing bei einem Lkw die Ladung Feuer. Zum Gl\u00fcck reagierte der Fahrer geistesgegenw\u00e4rtig.<\/p>\n<p>Gegen 13:30 Uhr bemerkte der Fahrer eines Sattelzuges, der auf der BAB-93 in Richtung Norden unterwegs war, dass der auf dem Sattelauflieger befindliche M\u00fcll in Brand geraten war. Daraufhin verlie\u00df der Fahrer an der Tank und Rastanlage die Autobahn und verst\u00e4ndigte die Rettungskr\u00e4fte.<\/p>\n<p>Zwischenzeitlich trennte der Fahrer die Sattelzugmaschine vom Auflieger. Wir und die Kollegen aus Windischeschenbach l\u00f6schten den Brand oberfl\u00e4chlich ab. Anschlie\u00dfend wurde der Sattelzug zu einem naheliegenden Entsorgungsunternehmen begleitet um dort komplett entladen zu werden. Das entladene Transportgut wurde von uns anschlie\u00dfend restlich abgel\u00f6scht.<\/p>\n\n\t\t<style type=\"text\/css\">\n\t\t\t#gallery-1 {\n\t\t\t\tmargin: auto;\n\t\t\t}\n\t\t\t#gallery-1 .gallery-item {\n\t\t\t\tfloat: left;\n\t\t\t\tmargin-top: 10px;\n\t\t\t\ttext-align: center;\n\t\t\t\twidth: 33%;\n\t\t\t}\n\t\t\t#gallery-1 img {\n\t\t\t\tborder: 2px solid #cfcfcf;\n\t\t\t}\n\t\t\t#gallery-1 .gallery-caption {\n\t\t\t\tmargin-left: 0;\n\t\t\t}\n\t\t\t\/* see gallery_shortcode() in wp-includes\/media.php *\/\n\t\t<\/style>\n\t\t<div id='gallery-1' class='gallery galleryid-2591 gallery-columns-3 gallery-size-thumbnail'><dl class='gallery-item'>\n\t\t\t<dt class='gallery-icon landscape'>\n\t\t\t\t<a href='http:\/\/ffw-neuhaus.de\/?attachment_id=2592'><img loading=\"lazy\" decoding=\"async\" width=\"150\" height=\"150\" src=\"http:\/\/ffw-neuhaus.de\/wordpress\/wp-content\/uploads\/2017\/09\/IMG_20170902_091306-002-150x150.png\" class=\"attachment-thumbnail size-thumbnail\" alt=\"\" srcset=\"http:\/\/ffw-neuhaus.de\/wordpress\/wp-content\/uploads\/2017\/09\/IMG_20170902_091306-002-150x150.png 150w, http:\/\/ffw-neuhaus.de\/wordpress\/wp-content\/uploads\/2017\/09\/IMG_20170902_091306-002-144x144.png 144w\" sizes=\"auto, (max-width: 150px) 100vw, 150px\" \/><\/a>\n\t\t\t<\/dt><\/dl><dl class='gallery-item'>\n\t\t\t<dt class='gallery-icon landscape'>\n\t\t\t\t<a href='http:\/\/ffw-neuhaus.de\/?attachment_id=2600'><img loading=\"lazy\" decoding=\"async\" width=\"150\" height=\"150\" src=\"http:\/\/ffw-neuhaus.de\/wordpress\/wp-content\/uploads\/2017\/09\/BrandLkw_01092017_1_web-150x150.jpg\" class=\"attachment-thumbnail size-thumbnail\" alt=\"\" srcset=\"http:\/\/ffw-neuhaus.de\/wordpress\/wp-content\/uploads\/2017\/09\/BrandLkw_01092017_1_web-150x150.jpg 150w, http:\/\/ffw-neuhaus.de\/wordpress\/wp-content\/uploads\/2017\/09\/BrandLkw_01092017_1_web-144x144.jpg 144w\" sizes=\"auto, (max-width: 150px) 100vw, 150px\" \/><\/a>\n\t\t\t<\/dt><\/dl><dl class='gallery-item'>\n\t\t\t<dt class='gallery-icon landscape'>\n\t\t\t\t<a href='http:\/\/ffw-neuhaus.de\/?attachment_id=2601'><img loading=\"lazy\" decoding=\"async\" width=\"150\" height=\"150\" src=\"http:\/\/ffw-neuhaus.de\/wordpress\/wp-content\/uploads\/2017\/09\/BrandLkw_01092017_2_web-150x150.jpg\" class=\"attachment-thumbnail size-thumbnail\" alt=\"\" srcset=\"http:\/\/ffw-neuhaus.de\/wordpress\/wp-content\/uploads\/2017\/09\/BrandLkw_01092017_2_web-150x150.jpg 150w, http:\/\/ffw-neuhaus.de\/wordpress\/wp-content\/uploads\/2017\/09\/BrandLkw_01092017_2_web-144x144.jpg 144w\" sizes=\"auto, (max-width: 150px) 100vw, 150px\" \/><\/a>\n\t\t\t<\/dt><\/dl><br style=\"clear: both\" \/>\n\t\t<\/div>\n\n<p>&nbsp;<\/p>\n","protected":false},"excerpt":{"rendered":"<p>Datum: 01.09.2017 Uhrzeit: 13:34 Uhr Alarmierung:\u00a0\u00a0gro\u00dfe Schleife Ort: BAB-93 Mannschaft: 1\/13 Meldung: Brand LKW \/ Autobahn Eingesetzte Fahrzeuge: LF-10, MTW, VSA Einsatzende: 17:00 Uhr Alarmierte Feuerwehren: Neuhaus, Windischeschenbach, Bernstein, Krummennaab, Falkenberg, Sch\u00f6nhaid W\u00e4hrend der Fahrt fing bei einem Lkw die &hellip; <a href=\"http:\/\/ffw-neuhaus.de\/?p=2591\">Weiterlesen <span class=\"meta-nav\">&rarr;<\/span><\/a><\/p>\n","protected":false},"author":3,"featured_media":0,"comment_status":"closed","ping_status":"closed","sticky":false,"template":"","format":"standard","meta":{"footnotes":""},"categories":[16,23],"tags":[],"class_list":["post-2591","post","type-post","status-publish","format-standard","hentry","category-einsaetze","category-einsaetze-2017"],"_links":{"self":[{"href":"http:\/\/ffw-neuhaus.de\/index.php?rest_route=\/wp\/v2\/posts\/2591","targetHints":{"allow":["GET"]}}],"collection":[{"href":"http:\/\/ffw-neuhaus.de\/index.php?rest_route=\/wp\/v2\/posts"}],"about":[{"href":"http:\/\/ffw-neuhaus.de\/index.php?rest_route=\/wp\/v2\/types\/post"}],"author":[{"embeddable":true,"href":"http:\/\/ffw-neuhaus.de\/index.php?rest_route=\/wp\/v2\/users\/3"}],"replies":[{"embeddable":true,"href":"http:\/\/ffw-neuhaus.de\/index.php?rest_route=%2Fwp%2Fv2%2Fcomments&post=2591"}],"version-history":[{"count":6,"href":"http:\/\/ffw-neuhaus.de\/index.php?rest_route=\/wp\/v2\/posts\/2591\/revisions"}],"predecessor-version":[{"id":2604,"href":"http:\/\/ffw-neuhaus.de\/index.php?rest_route=\/wp\/v2\/posts\/2591\/revisions\/2604"}],"wp:attachment":[{"href":"http:\/\/ffw-neuhaus.de\/index.php?rest_route=%2Fwp%2Fv2%2Fmedia&parent=2591"}],"wp:term":[{"taxonomy":"category","embeddable":true,"href":"http:\/\/ffw-neuhaus.de\/index.php?rest_route=%2Fwp%2Fv2%2Fcategories&post=2591"},{"taxonomy":"post_tag","embeddable":true,"href":"http:\/\/ffw-neuhaus.de\/index.php?rest_route=%2Fwp%2Fv2%2Ftags&post=2591"}],"curies":[{"name":"wp","href":"https:\/\/api.w.org\/{rel}","templated":true}]}}