{"id":2636,"date":"2017-11-07T17:12:39","date_gmt":"2017-11-07T16:12:39","guid":{"rendered":"http:\/\/ffw-neuhaus.de\/?p=2636"},"modified":"2017-11-09T17:36:03","modified_gmt":"2017-11-09T16:36:03","slug":"43-07-11-2017-thl-vu-bab-93","status":"publish","type":"post","link":"http:\/\/ffw-neuhaus.de\/?p=2636","title":{"rendered":"#43 &#8211; 07.11.2017 &#8211; THL &#8211; VU BAB-93"},"content":{"rendered":"<p><strong>Datum:<\/strong> 07.11.<span class=\"cmp_parsed_date\" data-ce-class=\"Dates\" data-cmp_parsed_date=\"2016-06-20\">2017<\/span><br \/>\n<strong>Uhrzeit:<\/strong> 10:40 Uhr<br \/>\n<strong>Alarmierung:\u00a0\u00a0<\/strong>gro\u00dfe Schleife<br \/>\n<strong>Ort:<\/strong> BAB-93<br \/>\n<strong>Mannschaft:<\/strong> 1\/3<br \/>\n<strong>Meldung: <\/strong>VU mit LKW<br \/>\n<strong>Eingesetzte Fahrzeuge: <\/strong>LF-10, MTW, VSA<br \/>\n<strong>Einsatzende: <\/strong>12:00 Uhr<br \/>\n<strong>Alarmierte Feuerwehren: <\/strong>Neuhaus, Neustadt\/WN<\/p>\n<p>Ein Klein-LKW kam auf der BAB-93 in Fahrtrichtung Norden zwischen den AS Neustadt und Windischeschenbach von der Fahrbahn ab und fuhr noch ein St\u00fcck im Graben weiter. Hierbei \u00fcberfuhr er einen Leitpfosten und ein KM-Schild, welches den Kraftstofftank besch\u00e4digte. Der komplette Diesel lief ins Erdreich. Wir sicherten mit den Kollegen aus Neustadt die Unfallstelle ab und leiteten den Verkehr auf der linken Fahrspur vorbei bis die Autobahnmeisterei uns abl\u00f6ste. Das Erdreich musste ausgebaggert und erneuert werden.<\/p>\n\n\t\t<style type=\"text\/css\">\n\t\t\t#gallery-1 {\n\t\t\t\tmargin: auto;\n\t\t\t}\n\t\t\t#gallery-1 .gallery-item {\n\t\t\t\tfloat: left;\n\t\t\t\tmargin-top: 10px;\n\t\t\t\ttext-align: center;\n\t\t\t\twidth: 50%;\n\t\t\t}\n\t\t\t#gallery-1 img {\n\t\t\t\tborder: 2px solid #cfcfcf;\n\t\t\t}\n\t\t\t#gallery-1 .gallery-caption {\n\t\t\t\tmargin-left: 0;\n\t\t\t}\n\t\t\t\/* see gallery_shortcode() in wp-includes\/media.php *\/\n\t\t<\/style>\n\t\t<div id='gallery-1' class='gallery galleryid-2636 gallery-columns-2 gallery-size-thumbnail'><dl class='gallery-item'>\n\t\t\t<dt class='gallery-icon landscape'>\n\t\t\t\t<a href='http:\/\/ffw-neuhaus.de\/?attachment_id=2639'><img loading=\"lazy\" decoding=\"async\" width=\"150\" height=\"150\" src=\"http:\/\/ffw-neuhaus.de\/wordpress\/wp-content\/uploads\/2017\/11\/07.11.2017-A93-3-150x150.png\" class=\"attachment-thumbnail size-thumbnail\" alt=\"\" srcset=\"http:\/\/ffw-neuhaus.de\/wordpress\/wp-content\/uploads\/2017\/11\/07.11.2017-A93-3-150x150.png 150w, http:\/\/ffw-neuhaus.de\/wordpress\/wp-content\/uploads\/2017\/11\/07.11.2017-A93-3-144x144.png 144w\" sizes=\"auto, (max-width: 150px) 100vw, 150px\" \/><\/a>\n\t\t\t<\/dt><\/dl><dl class='gallery-item'>\n\t\t\t<dt class='gallery-icon landscape'>\n\t\t\t\t<a href='http:\/\/ffw-neuhaus.de\/?attachment_id=2640'><img loading=\"lazy\" decoding=\"async\" width=\"150\" height=\"150\" src=\"http:\/\/ffw-neuhaus.de\/wordpress\/wp-content\/uploads\/2017\/11\/11.07.2017-A93-2-150x150.png\" class=\"attachment-thumbnail size-thumbnail\" alt=\"\" srcset=\"http:\/\/ffw-neuhaus.de\/wordpress\/wp-content\/uploads\/2017\/11\/11.07.2017-A93-2-150x150.png 150w, http:\/\/ffw-neuhaus.de\/wordpress\/wp-content\/uploads\/2017\/11\/11.07.2017-A93-2-144x144.png 144w\" sizes=\"auto, (max-width: 150px) 100vw, 150px\" \/><\/a>\n\t\t\t<\/dt><\/dl><br style=\"clear: both\" \/>\n\t\t<\/div>\n\n<p>&nbsp;<img decoding=\"async\" src=\"https:\/\/www.oberpfalzecho.de\/wp-content\/uploads\/2017\/11\/Unfall-LKW-A93-6.jpg\" alt=\"Quelle: oberpfalzecho.de\" \/><\/p>\n","protected":false},"excerpt":{"rendered":"<p>Datum: 07.11.2017 Uhrzeit: 10:40 Uhr Alarmierung:\u00a0\u00a0gro\u00dfe Schleife Ort: BAB-93 Mannschaft: 1\/3 Meldung: VU mit LKW Eingesetzte Fahrzeuge: LF-10, MTW, VSA Einsatzende: 12:00 Uhr Alarmierte Feuerwehren: Neuhaus, Neustadt\/WN Ein Klein-LKW kam auf der BAB-93 in Fahrtrichtung Norden zwischen den AS Neustadt &hellip; <a href=\"http:\/\/ffw-neuhaus.de\/?p=2636\">Weiterlesen <span class=\"meta-nav\">&rarr;<\/span><\/a><\/p>\n","protected":false},"author":3,"featured_media":0,"comment_status":"closed","ping_status":"closed","sticky":false,"template":"","format":"standard","meta":{"footnotes":""},"categories":[16,23],"tags":[],"class_list":["post-2636","post","type-post","status-publish","format-standard","hentry","category-einsaetze","category-einsaetze-2017"],"_links":{"self":[{"href":"http:\/\/ffw-neuhaus.de\/index.php?rest_route=\/wp\/v2\/posts\/2636","targetHints":{"allow":["GET"]}}],"collection":[{"href":"http:\/\/ffw-neuhaus.de\/index.php?rest_route=\/wp\/v2\/posts"}],"about":[{"href":"http:\/\/ffw-neuhaus.de\/index.php?rest_route=\/wp\/v2\/types\/post"}],"author":[{"embeddable":true,"href":"http:\/\/ffw-neuhaus.de\/index.php?rest_route=\/wp\/v2\/users\/3"}],"replies":[{"embeddable":true,"href":"http:\/\/ffw-neuhaus.de\/index.php?rest_route=%2Fwp%2Fv2%2Fcomments&post=2636"}],"version-history":[{"count":4,"href":"http:\/\/ffw-neuhaus.de\/index.php?rest_route=\/wp\/v2\/posts\/2636\/revisions"}],"predecessor-version":[{"id":2641,"href":"http:\/\/ffw-neuhaus.de\/index.php?rest_route=\/wp\/v2\/posts\/2636\/revisions\/2641"}],"wp:attachment":[{"href":"http:\/\/ffw-neuhaus.de\/index.php?rest_route=%2Fwp%2Fv2%2Fmedia&parent=2636"}],"wp:term":[{"taxonomy":"category","embeddable":true,"href":"http:\/\/ffw-neuhaus.de\/index.php?rest_route=%2Fwp%2Fv2%2Fcategories&post=2636"},{"taxonomy":"post_tag","embeddable":true,"href":"http:\/\/ffw-neuhaus.de\/index.php?rest_route=%2Fwp%2Fv2%2Ftags&post=2636"}],"curies":[{"name":"wp","href":"https:\/\/api.w.org\/{rel}","templated":true}]}}