{"id":2698,"date":"2018-01-08T17:59:43","date_gmt":"2018-01-08T16:59:43","guid":{"rendered":"http:\/\/ffw-neuhaus.de\/?p=2698"},"modified":"2018-01-22T20:55:32","modified_gmt":"2018-01-22T19:55:32","slug":"generalversammlung-2018","status":"publish","type":"post","link":"http:\/\/ffw-neuhaus.de\/?p=2698","title":{"rendered":"Generalversammlung 2018"},"content":{"rendered":"<h2 class=\"kicker\">Feuerwehr Neuhaus gut aufgestellt<\/h2>\n<h1>Mehr Eins\u00e4tze, mehr Aufgaben<\/h1>\n<h3>Kommandant Andreas Bogner nimmt mit Handschlag die Feuerwehranw\u00e4rter Salomo Bergmann, Nico Spachtholz, Josef Sch\u00f6nberger und Samuel Zetzl in die Feuerwehr auf.<\/h3>\n<p>Neuhaus. Bogner blickte in der Jahreshauptversammlung im Lingl-Saal auf das Jahr zur\u00fcck. Die Akitven r\u00fcckten 2017 zu 49 Eins\u00e4tzen mit insgesamt 790 Einsatzstunden aus. 25 davon f\u00fchrten zur technischen Hilfeleistung auf die A 93, gefolgt von 6 Brandeins\u00e4tzen, 3 Fehlalarmen, 3 sonstigen T\u00e4tigkeiten, 1 Sicherheitswache und 1 Gefahrstoffeinsatz. Den Bauplan der Firma P\u00f6llath f\u00fcr das neue Feuerwehrhaus in der Sch\u00f6nfichter Stra\u00dfe hatten die Aktiven erst k\u00fcrzlich auf Herz und Nieren gepr\u00fcft. Anforderungen und Platzbedarf seien mit den Eins\u00e4tzen gestiegen.<\/p>\n<p>Die Aktiven kamen zu 42 \u00dcbungen mit einem Zeitaufwand von 672 Stunden. 15 Mal trafen sich die Atemschutzger\u00e4tetr\u00e4ger, 14 Mal kamen die Jugendlichen zusammen. 3 Weiterbildungen gab es im Bereich der technischen Hilfeleistung. Dank galt allen Ausbildern, Gruppenf\u00fchrern und Maschinisten sowie den Aktiven f\u00fcr ihren Einsatz.<\/p>\n<p>Gemeinsam mit der Feuerwehr Sch\u00f6nficht sei das S\u00e4gewerk Schieder in Schnackenhof besichtigt worden. Pfarrer Hubert Bartel hielt einen Vortrag \u00fcber Unfallseelsorge, eine Gruppe legte das Leistungsabzeichen Brand ab. Es gab Weiterbildungen mit der Motors\u00e4ge, Einweisungen f\u00fcr den neuen T\u00fcr\u00f6ffnungssatz und der Vorwarntafel. Mit Simon Windschiegl steht der Wehr ein weiterer Atemschutzger\u00e4tetr\u00e4ger zur Verf\u00fcgung. Verschiedene Besprechungen mit den Kommandanten der umliegenden Einsatzbereiche, der Polizei und eine Neueinteilung der Alarmzonen und Bereichsfolgen rundeten den Bericht ab.<\/p>\n<p>Einschneidende personelle Ver\u00e4nderungen gibt es im Bereich der Jugendwarte. Nach 17 Jahren im Amt stellt Johannes Braunschmid sein Amt zur Verf\u00fcgung. &#8222;In dieser Zeit vermittelte er 35 Jugendlichen die Grundlagen im Feuerwehrwesen&#8220;, sagte Bogner anerkennend. Mit seiner ideenreichen Planung der \u00dcbungen und Unterrichte schuf er die Grundlagen f\u00fcr die jetzige Truppe. F\u00fcr seine langj\u00e4hrige, herausragende Arbeit in der Feuerwehr wurde er unter gro\u00dfem Applaus zum Oberl\u00f6schmeister bef\u00f6rdert. Auch der langj\u00e4hrige stellvertretende Jugendwart Johannes Sperber wurde mit gro\u00dfem Beifall verabschiedet.<\/p>\n<p>Als neue Jugendwarte wurden verpflichtet: Simon Sch\u00f6nberger und sein Stellvertreter Simon Windschiegl. Sch\u00f6nberger legte sogleich den Jahresbericht der Jugend f\u00fcr 2017 vor.<\/p>\n<p>Folgende Bef\u00f6rderungen nahm Kommandant Bogner vor: Feuerwehrmann: Jonas M\u00fcller und Max Punzmann, Hauptfeuerwehrmann: Johannes Eibl, Oberl\u00f6schmeister: Johannes Braunschmid. F\u00fcr 25 Jahre aktive Dienstzeit ehrte er Andreas Egeter und Ulrich Kreinh\u00f6fner, f\u00fcr 40 Jahre aktiven Dienst Karlheinz K\u00e4ck, Hermann M\u00fcller, Anton Sch\u00f6n und Thomas Witt<\/p>\n<p>B\u00fcrgermeister Karlheinz Budnik zollte der Feuerwehr Neuhaus gro\u00dfe Anerkennung. Die vielen Veranstaltungen des Feuerwehrvereins seien eine kulturelle Bereicherung. Besonderen Dank sagte er den scheidenden Jugendwarten. Eine gute Jugendarbeit sei das Kapital f\u00fcr einen gesunden Verein. Eine gro\u00dfe Herausforderung sieht Budnik im geplanten Ger\u00e4tehausneubau. Die Planungen sind am Laufen und werden im Februar dem Stadtrat vorgestellt. Er betonte, dass alle f\u00fcnf Ortswehren bestehen bleiben. &#8222;Das hat sich in den vergangenen Jahren bew\u00e4hrt.&#8220;<\/p>\n<p>Kreisbrandmeister Thomas Weidner dankte f\u00fcr die aktive Unterst\u00fctzung der Wehr bei der Modularen Trupp Ausbildung. Mit \u00fcber 100 Ausbildungsstunden beteiligten sich Kommandanten und Gruppenf\u00fchrer an der Ausbildung der Jugendlichen im KBI-Bereich Mitte. Er w\u00fcnschte allzeit ein gutes nach Hause kommen von den Eins\u00e4tzen.<\/p>\n<p>&nbsp;<\/p>\n<h1>Neuhauser Wehr plant 150-j\u00e4hrige Jubil\u00e4um<\/h1>\n<p>Vorsitzender Christian Windschiegl freute sich \u00fcber das gro\u00dfe Interesse an der Jahreshauptversammlung der Neuhauser Feuerwehr. 72 aktive und 58 passive Mitglieder z\u00e4hlt die Wehr aktuell.<\/p>\n<p>Windschiegl erinnerte an die vielen Aktivit\u00e4ten: Rosenmontagsball, Maibaumaufstellen, Johannisfeuer, Bankerlfest, Ritteressen, Weihnachtsschie\u00dfen in Meerbodenreuth, Besuch des 90-j\u00e4hrigen Gr\u00fcndungsfestes des M\u00e4nnergesangsvereins Harmonie. Festbesuche bei den Feuerwehren Lanz, Premenreuth, Mantel, Wurz und Bernstein sowie die Absicherung der \u00f6rtlichen, kirchlichen Feiern rundeten das Jahr ab. Dank sagte er seinen Vorstandsmitgliedern f\u00fcr das gute Miteinander.<\/p>\n<p>F\u00fcr 25 Jahre Mitgliedschaft in der Feuerwehr Neuhaus \u00fcberreichte er Andreas Egeter und Ulrich Kreinh\u00f6fner eine Urkunde. Bereits 40 Jahre halten Karlheinz K\u00e4ck, Hermann M\u00fcller, Anton Sch\u00f6n, Thomas Witt und Thomas Zetzl dem Verein die Treue, auch sie erhielten Urkunden.<\/p>\n<p>Kassier Johannes Eibl bescheinigte man eine sehr gut gef\u00fchrte Kasse. Erfreut waren die Kassenpr\u00fcfer \u00fcber die gro\u00dfe Spendenbereitschaft der Neuhauser, ohne die wohl keine schwarze Null zu verzeichnen gewesen w\u00e4re. Neben gr\u00f6\u00dferen Anschaffungen wie 2 neuen Uniformen und Material f\u00fcr das LED-Verkehrszeichen wurde der Vereinsausflug finanziell unterst\u00fctzt.<\/p>\n<p>F\u00fcr 2018 sind 2 Feuerwehrfesttermine im Juni, das Floriansamt Anfang Mai sowie ein Vereinsausflug im Oktober beabsichtigt. Pfingsten 2021 soll das 150-j\u00e4hrige Gr\u00fcndungsjubil\u00e4um der Neuhauser Wehr gefeiert werden. Demn\u00e4chst wird ein Festausschuss gegr\u00fcndet.<\/p>\n<p>Quelle: <em>Der Neue Tag, 08.01.2018<\/em><\/p>\n<div id=\"attachment_2699\" style=\"width: 1010px\" class=\"wp-caption aligncenter\"><img loading=\"lazy\" decoding=\"async\" aria-describedby=\"caption-attachment-2699\" class=\"wp-image-2699 size-full\" src=\"http:\/\/ffw-neuhaus.de\/wordpress\/wp-content\/uploads\/2018\/01\/JHV_2018_web.png\" alt=\"\" width=\"1000\" height=\"563\" srcset=\"http:\/\/ffw-neuhaus.de\/wordpress\/wp-content\/uploads\/2018\/01\/JHV_2018_web.png 1000w, http:\/\/ffw-neuhaus.de\/wordpress\/wp-content\/uploads\/2018\/01\/JHV_2018_web-300x169.png 300w, http:\/\/ffw-neuhaus.de\/wordpress\/wp-content\/uploads\/2018\/01\/JHV_2018_web-768x432.png 768w, http:\/\/ffw-neuhaus.de\/wordpress\/wp-content\/uploads\/2018\/01\/JHV_2018_web-500x282.png 500w\" sizes=\"auto, (max-width: 1000px) 100vw, 1000px\" \/><p id=\"caption-attachment-2699\" class=\"wp-caption-text\">Quelle: GRA<\/p><\/div>\n<p><img loading=\"lazy\" decoding=\"async\" class=\"aligncenter size-full wp-image-2711\" src=\"http:\/\/ffw-neuhaus.de\/wordpress\/wp-content\/uploads\/2018\/01\/JHV_2018-2_web.png\" alt=\"\" width=\"1000\" height=\"750\" srcset=\"http:\/\/ffw-neuhaus.de\/wordpress\/wp-content\/uploads\/2018\/01\/JHV_2018-2_web.png 1000w, http:\/\/ffw-neuhaus.de\/wordpress\/wp-content\/uploads\/2018\/01\/JHV_2018-2_web-300x225.png 300w, http:\/\/ffw-neuhaus.de\/wordpress\/wp-content\/uploads\/2018\/01\/JHV_2018-2_web-768x576.png 768w, http:\/\/ffw-neuhaus.de\/wordpress\/wp-content\/uploads\/2018\/01\/JHV_2018-2_web-400x300.png 400w\" sizes=\"auto, (max-width: 1000px) 100vw, 1000px\" \/><\/p>\n","protected":false},"excerpt":{"rendered":"<p>Feuerwehr Neuhaus gut aufgestellt Mehr Eins\u00e4tze, mehr Aufgaben Kommandant Andreas Bogner nimmt mit Handschlag die Feuerwehranw\u00e4rter Salomo Bergmann, Nico Spachtholz, Josef Sch\u00f6nberger und Samuel Zetzl in die Feuerwehr auf. Neuhaus. Bogner blickte in der Jahreshauptversammlung im Lingl-Saal auf das Jahr &hellip; <a href=\"http:\/\/ffw-neuhaus.de\/?p=2698\">Weiterlesen <span class=\"meta-nav\">&rarr;<\/span><\/a><\/p>\n","protected":false},"author":2,"featured_media":0,"comment_status":"closed","ping_status":"closed","sticky":false,"template":"","format":"standard","meta":{"footnotes":""},"categories":[12,11,1,13],"tags":[],"class_list":["post-2698","post","type-post","status-publish","format-standard","hentry","category-uebung","category-aktuelles","category-allgemein","category-verein"],"_links":{"self":[{"href":"http:\/\/ffw-neuhaus.de\/index.php?rest_route=\/wp\/v2\/posts\/2698","targetHints":{"allow":["GET"]}}],"collection":[{"href":"http:\/\/ffw-neuhaus.de\/index.php?rest_route=\/wp\/v2\/posts"}],"about":[{"href":"http:\/\/ffw-neuhaus.de\/index.php?rest_route=\/wp\/v2\/types\/post"}],"author":[{"embeddable":true,"href":"http:\/\/ffw-neuhaus.de\/index.php?rest_route=\/wp\/v2\/users\/2"}],"replies":[{"embeddable":true,"href":"http:\/\/ffw-neuhaus.de\/index.php?rest_route=%2Fwp%2Fv2%2Fcomments&post=2698"}],"version-history":[{"count":2,"href":"http:\/\/ffw-neuhaus.de\/index.php?rest_route=\/wp\/v2\/posts\/2698\/revisions"}],"predecessor-version":[{"id":2713,"href":"http:\/\/ffw-neuhaus.de\/index.php?rest_route=\/wp\/v2\/posts\/2698\/revisions\/2713"}],"wp:attachment":[{"href":"http:\/\/ffw-neuhaus.de\/index.php?rest_route=%2Fwp%2Fv2%2Fmedia&parent=2698"}],"wp:term":[{"taxonomy":"category","embeddable":true,"href":"http:\/\/ffw-neuhaus.de\/index.php?rest_route=%2Fwp%2Fv2%2Fcategories&post=2698"},{"taxonomy":"post_tag","embeddable":true,"href":"http:\/\/ffw-neuhaus.de\/index.php?rest_route=%2Fwp%2Fv2%2Ftags&post=2698"}],"curies":[{"name":"wp","href":"https:\/\/api.w.org\/{rel}","templated":true}]}}