{"id":3531,"date":"2021-02-25T20:03:43","date_gmt":"2021-02-25T19:03:43","guid":{"rendered":"http:\/\/ffw-neuhaus.de\/?p=3531"},"modified":"2021-02-25T20:07:31","modified_gmt":"2021-02-25T19:07:31","slug":"spatenstich-fuer-neuhauser-geraetehaus","status":"publish","type":"post","link":"http:\/\/ffw-neuhaus.de\/?p=3531","title":{"rendered":"Spatenstich f\u00fcr Neuhauser Ger\u00e4tehaus"},"content":{"rendered":"\n<p><em>Endlich geht&#8217;s los: Der Spatenstich f\u00fcr ein langersehntes Projekt ist gegl\u00fcckt. Dem Neubau des Ger\u00e4tehauses der Feuerwehr Neuhaus steht nichts mehr im Weg.<\/em><\/p>\n\n\n\n<figure class=\"wp-block-gallery columns-3 is-cropped wp-block-gallery-1 is-layout-flex wp-block-gallery-is-layout-flex\"><ul class=\"blocks-gallery-grid\"><li class=\"blocks-gallery-item\"><figure><img loading=\"lazy\" decoding=\"async\" width=\"300\" height=\"225\" src=\"http:\/\/ffw-neuhaus.de\/wordpress\/wp-content\/uploads\/2021\/02\/IMG_9190-300x225.jpg\" alt=\"\" data-id=\"3530\" data-full-url=\"http:\/\/ffw-neuhaus.de\/wordpress\/wp-content\/uploads\/2021\/02\/IMG_9190.jpg\" data-link=\"http:\/\/ffw-neuhaus.de\/?attachment_id=3530\" class=\"wp-image-3530\" srcset=\"http:\/\/ffw-neuhaus.de\/wordpress\/wp-content\/uploads\/2021\/02\/IMG_9190-300x225.jpg 300w, http:\/\/ffw-neuhaus.de\/wordpress\/wp-content\/uploads\/2021\/02\/IMG_9190-768x576.jpg 768w, http:\/\/ffw-neuhaus.de\/wordpress\/wp-content\/uploads\/2021\/02\/IMG_9190-400x300.jpg 400w, http:\/\/ffw-neuhaus.de\/wordpress\/wp-content\/uploads\/2021\/02\/IMG_9190.jpg 1000w\" sizes=\"auto, (max-width: 300px) 100vw, 300px\" \/><figcaption class=\"blocks-gallery-item__caption\">Spatenstich Februar 2021<\/figcaption><\/figure><\/li><li class=\"blocks-gallery-item\"><figure><img loading=\"lazy\" decoding=\"async\" width=\"300\" height=\"225\" src=\"http:\/\/ffw-neuhaus.de\/wordpress\/wp-content\/uploads\/2021\/02\/IMG_9189-300x225.jpg\" alt=\"\" data-id=\"3529\" data-full-url=\"http:\/\/ffw-neuhaus.de\/wordpress\/wp-content\/uploads\/2021\/02\/IMG_9189.jpg\" data-link=\"http:\/\/ffw-neuhaus.de\/?attachment_id=3529\" class=\"wp-image-3529\" srcset=\"http:\/\/ffw-neuhaus.de\/wordpress\/wp-content\/uploads\/2021\/02\/IMG_9189-300x225.jpg 300w, http:\/\/ffw-neuhaus.de\/wordpress\/wp-content\/uploads\/2021\/02\/IMG_9189-768x576.jpg 768w, http:\/\/ffw-neuhaus.de\/wordpress\/wp-content\/uploads\/2021\/02\/IMG_9189-400x300.jpg 400w, http:\/\/ffw-neuhaus.de\/wordpress\/wp-content\/uploads\/2021\/02\/IMG_9189.jpg 1000w\" sizes=\"auto, (max-width: 300px) 100vw, 300px\" \/><\/figure><\/li><li class=\"blocks-gallery-item\"><figure><img loading=\"lazy\" decoding=\"async\" width=\"300\" height=\"225\" src=\"http:\/\/ffw-neuhaus.de\/wordpress\/wp-content\/uploads\/2021\/02\/IMG_9188-300x225.jpg\" alt=\"\" data-id=\"3528\" data-full-url=\"http:\/\/ffw-neuhaus.de\/wordpress\/wp-content\/uploads\/2021\/02\/IMG_9188.jpg\" data-link=\"http:\/\/ffw-neuhaus.de\/?attachment_id=3528\" class=\"wp-image-3528\" srcset=\"http:\/\/ffw-neuhaus.de\/wordpress\/wp-content\/uploads\/2021\/02\/IMG_9188-300x225.jpg 300w, http:\/\/ffw-neuhaus.de\/wordpress\/wp-content\/uploads\/2021\/02\/IMG_9188-768x576.jpg 768w, http:\/\/ffw-neuhaus.de\/wordpress\/wp-content\/uploads\/2021\/02\/IMG_9188-400x300.jpg 400w, http:\/\/ffw-neuhaus.de\/wordpress\/wp-content\/uploads\/2021\/02\/IMG_9188.jpg 1000w\" sizes=\"auto, (max-width: 300px) 100vw, 300px\" \/><\/figure><\/li><\/ul><\/figure>\n\n\n\n<p>Ausgerechnet Kommandant Andreas Bogner und Vorsitzender Christian Windschiegl kamen zu sp\u00e4t zum Termin. Doch wenn die Feuerwehr Neuhaus gerufen wird, muss alles andere hinten anstehen. Eine technische Hilfeleistung auf der A 93 verz\u00f6gerte den Beginn des Spatenstichs f\u00fcr das neue Ger\u00e4tehaus der Neuhauser Wehr. Und so kam es, dass die Wehrleute&nbsp;direkt von der Unfallstelle auf der Autobahn mit dem Einsatzfahrzeug zur&nbsp;Baustelle in der Sch\u00f6nfichter Stra\u00dfe fuhren.<\/p>\n\n\n\n<p>&#8222;Der Bau eines Ger\u00e4tehauses ist nach dem des Gotteshauses der wichtigste Meilenstein in der Geschichte eines Ortes&#8220;, scherzte B\u00fcrgermeister Karlheinz Budnik. Da das alte Feuerwehrhaus schon seit einigen Jahren nicht mehr den gesetzlichen Vorgaben entspricht, sei es um so wichtiger, endlich mit dem Bau beginnen zu k\u00f6nnen.<\/p>\n\n\n\n<p>Budnik dankte Andreas Bogner nicht nur in seiner Eigenschaft als Kommandant, sondern auch als Grundst\u00fcckseigent\u00fcmer, der bereit war, das&nbsp;Gel\u00e4nde&nbsp;f\u00fcr die gute Sache zu verkaufen. &#8222;Ich muss zugeben, mir ist der Verkauf nicht leicht gefallen&#8220;, sagte Bogner. &#8222;W\u00e4re es nicht f\u00fcr die Feuerwehr gewesen, w\u00e4re die Entscheidung anders ausgefallen.&#8220; Der Kommandant freue sich aber, endlich beginnen zu k\u00f6nnen und w\u00fcnschte allen Beteiligten eine unfallfreie Baustelle.<\/p>\n\n\n\n<p>Der Dank des B\u00fcrgermeisters galt auch Stadtratskollegen und Feuerwehrreferenten der Stadt, Thomas Wilhelm, der auf dem Weg zur Verwirklichung als wertvoller&nbsp;Berater&nbsp;zur Seite gestanden habe.<\/p>\n\n\n\n<p>Bauunternehmer Bernhard K\u00e4\u00df aus Neuhaus hatte f\u00fcr den symbolischen Spatenstich die&nbsp;passenden&nbsp;Schaufeln mitgebracht &#8211; f\u00fcr die Feuerwehrm\u00e4nner gab&#8217;s die Variante mit rotem Schaufelblatt. &#8222;Ich hoffe, wir k\u00f6nnen so weiter machen und werden nicht vom Wetter wieder hergebremst&#8220;, sagte K\u00e4\u00df.<\/p>\n\n\n\n<p>Der Rathauschef freute sich, dass der Auftrag in H\u00f6he von 340.000 Euro im Ort geblieben ist, auch die Planungen hatte ein Einheimischer \u00fcbernommen. Architekt Rainer P\u00f6llath aus Windischeschenbach lobte die kurzen Wege und die gute Kommunikation mit allen an der Planung Beteiligten. Budnik erw\u00e4hnte auch die angek\u00fcndigten Eigenleistungen, die die Feuerwehr Neuhaus selbst \u00fcbernehmen will. Dazu z\u00e4hlen Malerarbeiten, das Verlegen von elektrischen Leitungen und Fu\u00dfb\u00f6den sowie die Gestaltung der Gr\u00fcnanlagen.<\/p>\n\n\n\n<h2 class=\"wp-block-heading\">Vom Wunsch bis zur Verwirklichung<\/h2>\n\n\n\n<p><strong>Oktober 2014: <\/strong>Die Feuerwehr Neuhaus macht den Stadtrat bei einem Ortstermin darauf aufmerksam, dass das alte Ger\u00e4tehaus viel zu klein ist und nicht mehr den Anforderungen entspricht.<\/p>\n\n\n\n<p><strong>Juli 2017: <\/strong>Die Suche nach einem geeigneten Grundst\u00fcck f\u00fcr den Neubau ist beendet. Kommandant Andreas Bogner stellt ein Grundst\u00fcck am Ortsrand in der Sch\u00f6nfichter Stra\u00dfe zur Verf\u00fcgung.<\/p>\n\n\n\n<p><strong>Februar 2018:<\/strong> Der Stadtrat gibt gr\u00fcnes Licht f\u00fcr den Neubau des Ger\u00e4tehauses.<\/p>\n\n\n\n<p><strong>Februar 2021:<\/strong> Mit dem symbolischen Spatenstich haben die Bauarbeiten begonnen.<\/p>\n","protected":false},"excerpt":{"rendered":"<p>Endlich geht&#8217;s los: Der Spatenstich f\u00fcr ein langersehntes Projekt ist gegl\u00fcckt. Dem Neubau des Ger\u00e4tehauses der Feuerwehr Neuhaus steht nichts mehr im Weg. Ausgerechnet Kommandant Andreas Bogner und Vorsitzender Christian Windschiegl kamen zu sp\u00e4t zum Termin. Doch wenn die Feuerwehr &hellip; <a href=\"http:\/\/ffw-neuhaus.de\/?p=3531\">Weiterlesen <span class=\"meta-nav\">&rarr;<\/span><\/a><\/p>\n","protected":false},"author":2,"featured_media":0,"comment_status":"closed","ping_status":"closed","sticky":false,"template":"","format":"standard","meta":{"footnotes":""},"categories":[11,29],"tags":[],"class_list":["post-3531","post","type-post","status-publish","format-standard","hentry","category-aktuelles","category-geraetehaus"],"_links":{"self":[{"href":"http:\/\/ffw-neuhaus.de\/index.php?rest_route=\/wp\/v2\/posts\/3531","targetHints":{"allow":["GET"]}}],"collection":[{"href":"http:\/\/ffw-neuhaus.de\/index.php?rest_route=\/wp\/v2\/posts"}],"about":[{"href":"http:\/\/ffw-neuhaus.de\/index.php?rest_route=\/wp\/v2\/types\/post"}],"author":[{"embeddable":true,"href":"http:\/\/ffw-neuhaus.de\/index.php?rest_route=\/wp\/v2\/users\/2"}],"replies":[{"embeddable":true,"href":"http:\/\/ffw-neuhaus.de\/index.php?rest_route=%2Fwp%2Fv2%2Fcomments&post=3531"}],"version-history":[{"count":9,"href":"http:\/\/ffw-neuhaus.de\/index.php?rest_route=\/wp\/v2\/posts\/3531\/revisions"}],"predecessor-version":[{"id":3541,"href":"http:\/\/ffw-neuhaus.de\/index.php?rest_route=\/wp\/v2\/posts\/3531\/revisions\/3541"}],"wp:attachment":[{"href":"http:\/\/ffw-neuhaus.de\/index.php?rest_route=%2Fwp%2Fv2%2Fmedia&parent=3531"}],"wp:term":[{"taxonomy":"category","embeddable":true,"href":"http:\/\/ffw-neuhaus.de\/index.php?rest_route=%2Fwp%2Fv2%2Fcategories&post=3531"},{"taxonomy":"post_tag","embeddable":true,"href":"http:\/\/ffw-neuhaus.de\/index.php?rest_route=%2Fwp%2Fv2%2Ftags&post=3531"}],"curies":[{"name":"wp","href":"https:\/\/api.w.org\/{rel}","templated":true}]}}