{"id":3650,"date":"2021-06-21T16:58:22","date_gmt":"2021-06-21T14:58:22","guid":{"rendered":"http:\/\/ffw-neuhaus.de\/?p=3650"},"modified":"2021-06-22T14:26:19","modified_gmt":"2021-06-22T12:26:19","slug":"geraetehausneubau-erdgeschoss","status":"publish","type":"post","link":"http:\/\/ffw-neuhaus.de\/?p=3650","title":{"rendered":"Ger\u00e4tehausneubau \u2013 Erdgeschoss"},"content":{"rendered":"\n<p>Die Bauarbeiten der Firma K\u00e4\u00df sind fast abgeschlossen. Der Rohbau des Sozialtrakts steht und die Fundamente f\u00fcr die Fahrzeughalle sind gegossen. Mittlerweile erh\u00e4lt man auch einen guten Eindruck der R\u00e4umlichkeiten des Sozialtrakts.<\/p>\n\n\n\n<figure class=\"wp-block-gallery columns-2 is-cropped wp-block-gallery-1 is-layout-flex wp-block-gallery-is-layout-flex\"><ul class=\"blocks-gallery-grid\"><li class=\"blocks-gallery-item\"><figure><img loading=\"lazy\" decoding=\"async\" width=\"1000\" height=\"750\" src=\"http:\/\/ffw-neuhaus.de\/wordpress\/wp-content\/uploads\/2021\/06\/FWNeuhaus_Geraethausneubau_31.jpeg\" alt=\"\" data-id=\"3643\" data-full-url=\"http:\/\/ffw-neuhaus.de\/wordpress\/wp-content\/uploads\/2021\/06\/FWNeuhaus_Geraethausneubau_31.jpeg\" data-link=\"http:\/\/ffw-neuhaus.de\/?attachment_id=3643\" class=\"wp-image-3643\" srcset=\"http:\/\/ffw-neuhaus.de\/wordpress\/wp-content\/uploads\/2021\/06\/FWNeuhaus_Geraethausneubau_31.jpeg 1000w, http:\/\/ffw-neuhaus.de\/wordpress\/wp-content\/uploads\/2021\/06\/FWNeuhaus_Geraethausneubau_31-300x225.jpeg 300w, http:\/\/ffw-neuhaus.de\/wordpress\/wp-content\/uploads\/2021\/06\/FWNeuhaus_Geraethausneubau_31-768x576.jpeg 768w, http:\/\/ffw-neuhaus.de\/wordpress\/wp-content\/uploads\/2021\/06\/FWNeuhaus_Geraethausneubau_31-400x300.jpeg 400w\" sizes=\"auto, (max-width: 1000px) 100vw, 1000px\" \/><figcaption class=\"blocks-gallery-item__caption\">Blick auf die k\u00fcnftige Fahrzeughalle<\/figcaption><\/figure><\/li><li class=\"blocks-gallery-item\"><figure><img loading=\"lazy\" decoding=\"async\" width=\"1000\" height=\"750\" src=\"http:\/\/ffw-neuhaus.de\/wordpress\/wp-content\/uploads\/2021\/06\/FWNeuhaus_Geraethausneubau_32.jpeg\" alt=\"\" data-id=\"3644\" data-full-url=\"http:\/\/ffw-neuhaus.de\/wordpress\/wp-content\/uploads\/2021\/06\/FWNeuhaus_Geraethausneubau_32.jpeg\" data-link=\"http:\/\/ffw-neuhaus.de\/?attachment_id=3644\" class=\"wp-image-3644\" srcset=\"http:\/\/ffw-neuhaus.de\/wordpress\/wp-content\/uploads\/2021\/06\/FWNeuhaus_Geraethausneubau_32.jpeg 1000w, http:\/\/ffw-neuhaus.de\/wordpress\/wp-content\/uploads\/2021\/06\/FWNeuhaus_Geraethausneubau_32-300x225.jpeg 300w, http:\/\/ffw-neuhaus.de\/wordpress\/wp-content\/uploads\/2021\/06\/FWNeuhaus_Geraethausneubau_32-768x576.jpeg 768w, http:\/\/ffw-neuhaus.de\/wordpress\/wp-content\/uploads\/2021\/06\/FWNeuhaus_Geraethausneubau_32-400x300.jpeg 400w\" sizes=\"auto, (max-width: 1000px) 100vw, 1000px\" \/><figcaption class=\"blocks-gallery-item__caption\">Fundamente f\u00fcr die Fahrzeughalle<\/figcaption><\/figure><\/li><li class=\"blocks-gallery-item\"><figure><img loading=\"lazy\" decoding=\"async\" width=\"1000\" height=\"750\" src=\"http:\/\/ffw-neuhaus.de\/wordpress\/wp-content\/uploads\/2021\/06\/FWNeuhaus_Geraethausneubau_33.jpeg\" alt=\"\" data-id=\"3645\" data-full-url=\"http:\/\/ffw-neuhaus.de\/wordpress\/wp-content\/uploads\/2021\/06\/FWNeuhaus_Geraethausneubau_33.jpeg\" data-link=\"http:\/\/ffw-neuhaus.de\/?attachment_id=3645\" class=\"wp-image-3645\" srcset=\"http:\/\/ffw-neuhaus.de\/wordpress\/wp-content\/uploads\/2021\/06\/FWNeuhaus_Geraethausneubau_33.jpeg 1000w, http:\/\/ffw-neuhaus.de\/wordpress\/wp-content\/uploads\/2021\/06\/FWNeuhaus_Geraethausneubau_33-300x225.jpeg 300w, http:\/\/ffw-neuhaus.de\/wordpress\/wp-content\/uploads\/2021\/06\/FWNeuhaus_Geraethausneubau_33-768x576.jpeg 768w, http:\/\/ffw-neuhaus.de\/wordpress\/wp-content\/uploads\/2021\/06\/FWNeuhaus_Geraethausneubau_33-400x300.jpeg 400w\" sizes=\"auto, (max-width: 1000px) 100vw, 1000px\" \/><figcaption class=\"blocks-gallery-item__caption\">Umkleide<\/figcaption><\/figure><\/li><li class=\"blocks-gallery-item\"><figure><img loading=\"lazy\" decoding=\"async\" width=\"1000\" height=\"750\" src=\"http:\/\/ffw-neuhaus.de\/wordpress\/wp-content\/uploads\/2021\/06\/FWNeuhaus_Geraethausneubau_34.jpeg\" alt=\"\" data-id=\"3646\" data-full-url=\"http:\/\/ffw-neuhaus.de\/wordpress\/wp-content\/uploads\/2021\/06\/FWNeuhaus_Geraethausneubau_34.jpeg\" data-link=\"http:\/\/ffw-neuhaus.de\/?attachment_id=3646\" class=\"wp-image-3646\" srcset=\"http:\/\/ffw-neuhaus.de\/wordpress\/wp-content\/uploads\/2021\/06\/FWNeuhaus_Geraethausneubau_34.jpeg 1000w, http:\/\/ffw-neuhaus.de\/wordpress\/wp-content\/uploads\/2021\/06\/FWNeuhaus_Geraethausneubau_34-300x225.jpeg 300w, http:\/\/ffw-neuhaus.de\/wordpress\/wp-content\/uploads\/2021\/06\/FWNeuhaus_Geraethausneubau_34-768x576.jpeg 768w, http:\/\/ffw-neuhaus.de\/wordpress\/wp-content\/uploads\/2021\/06\/FWNeuhaus_Geraethausneubau_34-400x300.jpeg 400w\" sizes=\"auto, (max-width: 1000px) 100vw, 1000px\" \/><figcaption class=\"blocks-gallery-item__caption\">Schulungsraum und Floriansst\u00fcberl<\/figcaption><\/figure><\/li><li class=\"blocks-gallery-item\"><figure><img loading=\"lazy\" decoding=\"async\" width=\"1000\" height=\"750\" src=\"http:\/\/ffw-neuhaus.de\/wordpress\/wp-content\/uploads\/2021\/06\/FWNeuhaus_Geraethausneubau_36.jpeg\" alt=\"\" data-id=\"3648\" data-full-url=\"http:\/\/ffw-neuhaus.de\/wordpress\/wp-content\/uploads\/2021\/06\/FWNeuhaus_Geraethausneubau_36.jpeg\" data-link=\"http:\/\/ffw-neuhaus.de\/?attachment_id=3648\" class=\"wp-image-3648\" srcset=\"http:\/\/ffw-neuhaus.de\/wordpress\/wp-content\/uploads\/2021\/06\/FWNeuhaus_Geraethausneubau_36.jpeg 1000w, http:\/\/ffw-neuhaus.de\/wordpress\/wp-content\/uploads\/2021\/06\/FWNeuhaus_Geraethausneubau_36-300x225.jpeg 300w, http:\/\/ffw-neuhaus.de\/wordpress\/wp-content\/uploads\/2021\/06\/FWNeuhaus_Geraethausneubau_36-768x576.jpeg 768w, http:\/\/ffw-neuhaus.de\/wordpress\/wp-content\/uploads\/2021\/06\/FWNeuhaus_Geraethausneubau_36-400x300.jpeg 400w\" sizes=\"auto, (max-width: 1000px) 100vw, 1000px\" \/><figcaption class=\"blocks-gallery-item__caption\">Jugendraum<\/figcaption><\/figure><\/li><li class=\"blocks-gallery-item\"><figure><img loading=\"lazy\" decoding=\"async\" width=\"1000\" height=\"750\" src=\"http:\/\/ffw-neuhaus.de\/wordpress\/wp-content\/uploads\/2021\/06\/FWNeuhaus_Geraethausneubau_35.jpeg\" alt=\"\" data-id=\"3647\" data-full-url=\"http:\/\/ffw-neuhaus.de\/wordpress\/wp-content\/uploads\/2021\/06\/FWNeuhaus_Geraethausneubau_35.jpeg\" data-link=\"http:\/\/ffw-neuhaus.de\/?attachment_id=3647\" class=\"wp-image-3647\" srcset=\"http:\/\/ffw-neuhaus.de\/wordpress\/wp-content\/uploads\/2021\/06\/FWNeuhaus_Geraethausneubau_35.jpeg 1000w, http:\/\/ffw-neuhaus.de\/wordpress\/wp-content\/uploads\/2021\/06\/FWNeuhaus_Geraethausneubau_35-300x225.jpeg 300w, http:\/\/ffw-neuhaus.de\/wordpress\/wp-content\/uploads\/2021\/06\/FWNeuhaus_Geraethausneubau_35-768x576.jpeg 768w, http:\/\/ffw-neuhaus.de\/wordpress\/wp-content\/uploads\/2021\/06\/FWNeuhaus_Geraethausneubau_35-400x300.jpeg 400w\" sizes=\"auto, (max-width: 1000px) 100vw, 1000px\" \/><figcaption class=\"blocks-gallery-item__caption\">B\u00fcro<\/figcaption><\/figure><\/li><\/ul><\/figure>\n","protected":false},"excerpt":{"rendered":"<p>Die Bauarbeiten der Firma K\u00e4\u00df sind fast abgeschlossen. Der Rohbau des Sozialtrakts steht und die Fundamente f\u00fcr die Fahrzeughalle sind gegossen. Mittlerweile erh\u00e4lt man auch einen guten Eindruck der R\u00e4umlichkeiten des Sozialtrakts.<\/p>\n","protected":false},"author":2,"featured_media":0,"comment_status":"closed","ping_status":"closed","sticky":false,"template":"","format":"standard","meta":{"footnotes":""},"categories":[11,29],"tags":[],"class_list":["post-3650","post","type-post","status-publish","format-standard","hentry","category-aktuelles","category-geraetehaus"],"_links":{"self":[{"href":"http:\/\/ffw-neuhaus.de\/index.php?rest_route=\/wp\/v2\/posts\/3650","targetHints":{"allow":["GET"]}}],"collection":[{"href":"http:\/\/ffw-neuhaus.de\/index.php?rest_route=\/wp\/v2\/posts"}],"about":[{"href":"http:\/\/ffw-neuhaus.de\/index.php?rest_route=\/wp\/v2\/types\/post"}],"author":[{"embeddable":true,"href":"http:\/\/ffw-neuhaus.de\/index.php?rest_route=\/wp\/v2\/users\/2"}],"replies":[{"embeddable":true,"href":"http:\/\/ffw-neuhaus.de\/index.php?rest_route=%2Fwp%2Fv2%2Fcomments&post=3650"}],"version-history":[{"count":2,"href":"http:\/\/ffw-neuhaus.de\/index.php?rest_route=\/wp\/v2\/posts\/3650\/revisions"}],"predecessor-version":[{"id":3652,"href":"http:\/\/ffw-neuhaus.de\/index.php?rest_route=\/wp\/v2\/posts\/3650\/revisions\/3652"}],"wp:attachment":[{"href":"http:\/\/ffw-neuhaus.de\/index.php?rest_route=%2Fwp%2Fv2%2Fmedia&parent=3650"}],"wp:term":[{"taxonomy":"category","embeddable":true,"href":"http:\/\/ffw-neuhaus.de\/index.php?rest_route=%2Fwp%2Fv2%2Fcategories&post=3650"},{"taxonomy":"post_tag","embeddable":true,"href":"http:\/\/ffw-neuhaus.de\/index.php?rest_route=%2Fwp%2Fv2%2Ftags&post=3650"}],"curies":[{"name":"wp","href":"https:\/\/api.w.org\/{rel}","templated":true}]}}