{"id":3701,"date":"2021-08-02T07:53:26","date_gmt":"2021-08-02T05:53:26","guid":{"rendered":"http:\/\/ffw-neuhaus.de\/?p=3701"},"modified":"2021-08-02T07:53:43","modified_gmt":"2021-08-02T05:53:43","slug":"54-01-08-2021-thl-vu-bab-93","status":"publish","type":"post","link":"http:\/\/ffw-neuhaus.de\/?p=3701","title":{"rendered":"#25 \u2013 01.08.2021 \u2013 THL \u2013 VU BAB-93"},"content":{"rendered":"\n<p><strong>Datum:<\/strong>&nbsp;01.08.2021<br><strong>Uhrzeit:<\/strong>&nbsp;20:01 Uhr<br><strong>Alarmierung:<\/strong>&nbsp;FME<br><strong>Ort:<\/strong>&nbsp;BAB-93<br><strong>Mannschaft:<\/strong>&nbsp;1\/10<br><strong>Meldung:<\/strong>&nbsp;VU mit Pkw<br><strong>Eingesetzte Fahrzeuge:<\/strong>&nbsp;LF-10, MTW, VSA<br><strong>Einsatzende:<\/strong>&nbsp;21:55 Uhr<br><strong>Alarmierte Feuerwehren:<\/strong>&nbsp;Neuhaus, Windischeschenbach<\/p>\n\n\n\n<p>Auf der BAB-93 in Fahrtrichtung S\u00fcden zwischen der AS Windischeschenbach und AS Neustadt\/WN ereignete sich ein Verkehrsunfall mit zwei Fahrzeugen. Aufgrund des gro\u00dfen Tr\u00fcmmerfeldes \u00fcber alle Fahrspuren, leiteten wir den Verkehr an der AS Windischeschenbach von der Autobahn. <\/p>\n","protected":false},"excerpt":{"rendered":"<p>Datum:&nbsp;01.08.2021Uhrzeit:&nbsp;20:01 UhrAlarmierung:&nbsp;FMEOrt:&nbsp;BAB-93Mannschaft:&nbsp;1\/10Meldung:&nbsp;VU mit PkwEingesetzte Fahrzeuge:&nbsp;LF-10, MTW, VSAEinsatzende:&nbsp;21:55 UhrAlarmierte Feuerwehren:&nbsp;Neuhaus, Windischeschenbach Auf der BAB-93 in Fahrtrichtung S\u00fcden zwischen der AS Windischeschenbach und AS Neustadt\/WN ereignete sich ein Verkehrsunfall mit zwei Fahrzeugen. Aufgrund des gro\u00dfen Tr\u00fcmmerfeldes \u00fcber alle Fahrspuren, leiteten wir den &hellip; <a href=\"http:\/\/ffw-neuhaus.de\/?p=3701\">Weiterlesen <span class=\"meta-nav\">&rarr;<\/span><\/a><\/p>\n","protected":false},"author":2,"featured_media":0,"comment_status":"closed","ping_status":"closed","sticky":false,"template":"","format":"standard","meta":{"footnotes":""},"categories":[1,16,28],"tags":[],"class_list":["post-3701","post","type-post","status-publish","format-standard","hentry","category-allgemein","category-einsaetze","category-einsaetze-2021"],"_links":{"self":[{"href":"http:\/\/ffw-neuhaus.de\/index.php?rest_route=\/wp\/v2\/posts\/3701","targetHints":{"allow":["GET"]}}],"collection":[{"href":"http:\/\/ffw-neuhaus.de\/index.php?rest_route=\/wp\/v2\/posts"}],"about":[{"href":"http:\/\/ffw-neuhaus.de\/index.php?rest_route=\/wp\/v2\/types\/post"}],"author":[{"embeddable":true,"href":"http:\/\/ffw-neuhaus.de\/index.php?rest_route=\/wp\/v2\/users\/2"}],"replies":[{"embeddable":true,"href":"http:\/\/ffw-neuhaus.de\/index.php?rest_route=%2Fwp%2Fv2%2Fcomments&post=3701"}],"version-history":[{"count":3,"href":"http:\/\/ffw-neuhaus.de\/index.php?rest_route=\/wp\/v2\/posts\/3701\/revisions"}],"predecessor-version":[{"id":3704,"href":"http:\/\/ffw-neuhaus.de\/index.php?rest_route=\/wp\/v2\/posts\/3701\/revisions\/3704"}],"wp:attachment":[{"href":"http:\/\/ffw-neuhaus.de\/index.php?rest_route=%2Fwp%2Fv2%2Fmedia&parent=3701"}],"wp:term":[{"taxonomy":"category","embeddable":true,"href":"http:\/\/ffw-neuhaus.de\/index.php?rest_route=%2Fwp%2Fv2%2Fcategories&post=3701"},{"taxonomy":"post_tag","embeddable":true,"href":"http:\/\/ffw-neuhaus.de\/index.php?rest_route=%2Fwp%2Fv2%2Ftags&post=3701"}],"curies":[{"name":"wp","href":"https:\/\/api.w.org\/{rel}","templated":true}]}}