{"id":3967,"date":"2022-05-30T19:01:02","date_gmt":"2022-05-30T17:01:02","guid":{"rendered":"http:\/\/ffw-neuhaus.de\/?p=3967"},"modified":"2022-05-31T09:10:14","modified_gmt":"2022-05-31T07:10:14","slug":"geraetehaus-verspricht-neuen-schwung-im-vereinsleben","status":"publish","type":"post","link":"http:\/\/ffw-neuhaus.de\/?p=3967","title":{"rendered":"Ger\u00e4tehaus verspricht neuen Schwung im Vereinsleben"},"content":{"rendered":"\n<p>Der Neubau der FFW Neuhaus nimmt langsam Formen an.<\/p>\n\n\n\n<p>Zur Generalversammlung der FFW Neuhaus begr\u00fc\u00dfte 1. Vorstand Christian Windschiegl die Mitglieder des Vereins&nbsp;nach&nbsp;zweieinhalb j\u00e4hriger Pause wieder im Lingl-Saal.&nbsp;Mit&nbsp;insgesamt&nbsp;133 Mitgliedern&nbsp;nahm die Zahl der Frauen und M\u00e4nner in der Wehr in zwei Jahren Pandemie&nbsp;sogar&nbsp;zu.<\/p>\n\n\n\n<p>R\u00fcckblickend auf die vergangenen beiden Jahre spricht Windschiegl von einer langen Durststrecke, die&nbsp;gro\u00dfe&nbsp;Herausforderungen&nbsp;zum Aufrechterhalten des Vereinslebens wegen vieler Beschr\u00e4nkungen mit sich brachten. Lediglich kirchliche Veranstaltungen konnten mit dem engsten F\u00fchrungskreis besucht werden.<\/p>\n\n\n\n<p>Das ins Wasser gefallene Fest im Jubil\u00e4umsjahr 2021&nbsp;hat trotzdem einen&nbsp;sehr hohen Aufwand einiger Kameraden gefordert,&nbsp;insbesondere beim Festausschuss,&nbsp;da lange nicht feststand, ob und in welcher Form eine Feier stattfinden kann.&nbsp;Schlie\u00dflich wurden Ende September 2020 alle&nbsp;weiter Planungen und Aktivit\u00e4ten pausiert,&nbsp;da eine Besserung der Lage nicht in Sicht war.Windschiegl bedankte sich nochmal f\u00fcr das Engagement des Festleiters Fabian Zetzl&nbsp;und auch&nbsp;der&nbsp;Festdamen, welche sich&nbsp;bereits&nbsp;eifrig&nbsp;in die Vorbereitungen eingebracht&nbsp;haben.<\/p>\n\n\n\n<p>Zumindest&nbsp;ein Fototermin f\u00fcr&nbsp;die gesamte Wehr&nbsp;konnte&nbsp;im Jubil\u00e4umsjahr&nbsp;an der Burg Neuhaus stattfinden. Vereinsinterne&nbsp;Feste sowie das Gl\u00fchweinfest am Marktpodest sind f\u00fcr das Jahr 2022 bereits wieder in Planung.&nbsp;Einen weiteren Lichtblick&nbsp;f\u00fcr Windschiegel ist&nbsp;der Neubau des Feuerwehr-Ger\u00e4tehauses.<\/p>\n\n\n\n<p>Auch Kommandant&nbsp;Andreas&nbsp;Bogner berichtete vom Fortschritt am Ger\u00e4tehaus. Er z\u00e4hlte die bereits vergebenen Gewerke auf und hob nochmals die erfolgten Eigenleistungen der Wehr hervor. Er verk\u00fcndete&nbsp;bereits wieder anstehende T\u00e4tigkeiten, bei denen tatkr\u00e4ftige Unterst\u00fctzung ben\u00f6tigt wird.&nbsp;Ein genauer Einzugstermin kann noch nicht genannt werden.<\/p>\n\n\n\n<p>Trotz fehlender \u00dcbungen und Fortbildungen mussten die Wehr in beiden Jahren jeweils 50 Eins\u00e4tze bew\u00e4ltigen. Bogner konnte sieben Kameradinnen und Kameraden&nbsp;in die aktive Wehr \u00fcbernehmen und freute sich besonders \u00fcber den Zuwachs der Jugendgruppe&nbsp;mit einem M\u00e4dchen und sechs Burschen.<\/p>\n\n\n\n<p>Bei den Ehrungen f\u00fcr die aktive Dienstzeit sowie die Mitgliedschaft im Verein konnte treuen Kameraden der Wehr gratuliert werden. So wurden die nicht anwesenden Kurt Bauer f\u00fcr 70 Jahre und Ludwig Sch\u00f6n f\u00fcr 65 Jahre Mitgliedschaft ausgezeichnet. 60 Jahre sind bereitsJosef und Ludwig Schricker, Richard Punzmann, Josef Bergler und Ferdinand Sch\u00f6nberger im Verein.&nbsp;Reinhard Michl, Peter Kreinh\u00f6fner, Franz Sch\u00f6nberger und Christian Windschieglsind bereits&nbsp;30 Jahre&nbsp;aktiv f\u00fcr die Wehr im Einsatz.&nbsp;Bernhard Pschierer,&nbsp;Ulrich Sertl, Peter Bergler, Sebastian Bergler und Johannnes Braunschmid&nbsp;f\u00fcr&nbsp;25 Jahre&nbsp;Mitgliedschaft im Verein ausgezeichnet.&nbsp;Christoph Schrott, Benjamin Mayer und Fabian Zetzl&nbsp;leisten bereits 20&nbsp;Jahre&nbsp;sowie Daniel und Fabian Bogner, Simon Sch\u00f6nberger und Fabian Selch bereits zehn Jahre&nbsp;aktive Dienstzeit.<\/p>\n\n\n\n<p>Bei&nbsp;zahlreichen&nbsp;Gl\u00fcckw\u00fcnschen&nbsp;an die Geehrten&nbsp;durch anwesende Stadtr\u00e4te&nbsp;wurde die Versammlung&nbsp;kurz von einer Einsatzmeldung unterbrochen.&nbsp;Jedoch&nbsp;r\u00fcckten nicht alle&nbsp;Kameraden&nbsp;im Lingl-Saal&nbsp;zum Einsatz&nbsp;aus&nbsp;und die Tagesordnung konnte fortgef\u00fchrt werden. Der Haupttenor der Gru\u00dfworte war&nbsp;ein gutes Gelingen&nbsp;des&nbsp;Neubaus&nbsp;des Ger\u00e4tehauses. Feuerwehrreferent Thomas Wilhelm&nbsp;lobte die Jugendarbeit und&nbsp;will das bei der letzten Versammlung angek\u00fcndigte Grillfest f\u00fcr die Jugendgruppe nachholen.<\/p>\n\n\n\n<p>Eine besondere Ehrung konnte stellvertretender Kommandant Zetzl vornehmen. Im Namen der gesamten Mannschaft gratulierte&nbsp;Zetzl Kommandant&nbsp;Andreas Bogner zum 25-j\u00e4hrigen Dienstjubil\u00e4um als erster Kommandant der Feuerwehr Neuhaus.<\/p>\n\n\n\n<p>Alle waren sich einig, dass die Hingabe f\u00fcr die aktive Wehr seines gleichen sucht. Bogner ist ma\u00dfgeblich f\u00fcr die hervorragende Entwicklung der FFW Neuhaus\u00a0(\u201eMotivator des Vereins\u201c Anm. d. Red. W.Sauer)\u00a0verantwortlich.\u00a0Als kleine Aufmerksamkeit \u00fcberreichten die Vorst\u00e4nde Windschiegl und K\u00fchnl, sowie stv. Kdt. Zetzl eine Fotokollage und einen Urlaubsgutschein an Andreas Bogner.<\/p>\n\n\n\n<figure class=\"wp-block-gallery has-nested-images columns-2 is-cropped wp-block-gallery-1 is-layout-flex wp-block-gallery-is-layout-flex\">\n<figure class=\"wp-block-image size-large\"><img loading=\"lazy\" decoding=\"async\" width=\"2560\" height=\"1920\" data-id=\"3970\" src=\"http:\/\/ffw-neuhaus.de\/wordpress\/wp-content\/uploads\/2022\/05\/2896BB53-6322-462C-B5D5-9A354F2634BE-scaled.jpeg\" alt=\"\" class=\"wp-image-3970\" srcset=\"http:\/\/ffw-neuhaus.de\/wordpress\/wp-content\/uploads\/2022\/05\/2896BB53-6322-462C-B5D5-9A354F2634BE-scaled.jpeg 2560w, http:\/\/ffw-neuhaus.de\/wordpress\/wp-content\/uploads\/2022\/05\/2896BB53-6322-462C-B5D5-9A354F2634BE-300x225.jpeg 300w, http:\/\/ffw-neuhaus.de\/wordpress\/wp-content\/uploads\/2022\/05\/2896BB53-6322-462C-B5D5-9A354F2634BE-1024x768.jpeg 1024w, http:\/\/ffw-neuhaus.de\/wordpress\/wp-content\/uploads\/2022\/05\/2896BB53-6322-462C-B5D5-9A354F2634BE-768x576.jpeg 768w, http:\/\/ffw-neuhaus.de\/wordpress\/wp-content\/uploads\/2022\/05\/2896BB53-6322-462C-B5D5-9A354F2634BE-1536x1152.jpeg 1536w, http:\/\/ffw-neuhaus.de\/wordpress\/wp-content\/uploads\/2022\/05\/2896BB53-6322-462C-B5D5-9A354F2634BE-2048x1536.jpeg 2048w, http:\/\/ffw-neuhaus.de\/wordpress\/wp-content\/uploads\/2022\/05\/2896BB53-6322-462C-B5D5-9A354F2634BE-400x300.jpeg 400w\" sizes=\"auto, (max-width: 2560px) 100vw, 2560px\" \/><\/figure>\n\n\n\n<figure class=\"wp-block-image size-large\"><img loading=\"lazy\" decoding=\"async\" width=\"2560\" height=\"1920\" data-id=\"3969\" src=\"http:\/\/ffw-neuhaus.de\/wordpress\/wp-content\/uploads\/2022\/05\/A73DA693-CE2F-483B-BA65-96F4A3F52109-scaled.jpeg\" alt=\"\" class=\"wp-image-3969\" srcset=\"http:\/\/ffw-neuhaus.de\/wordpress\/wp-content\/uploads\/2022\/05\/A73DA693-CE2F-483B-BA65-96F4A3F52109-scaled.jpeg 2560w, http:\/\/ffw-neuhaus.de\/wordpress\/wp-content\/uploads\/2022\/05\/A73DA693-CE2F-483B-BA65-96F4A3F52109-300x225.jpeg 300w, http:\/\/ffw-neuhaus.de\/wordpress\/wp-content\/uploads\/2022\/05\/A73DA693-CE2F-483B-BA65-96F4A3F52109-1024x768.jpeg 1024w, http:\/\/ffw-neuhaus.de\/wordpress\/wp-content\/uploads\/2022\/05\/A73DA693-CE2F-483B-BA65-96F4A3F52109-768x576.jpeg 768w, http:\/\/ffw-neuhaus.de\/wordpress\/wp-content\/uploads\/2022\/05\/A73DA693-CE2F-483B-BA65-96F4A3F52109-1536x1152.jpeg 1536w, http:\/\/ffw-neuhaus.de\/wordpress\/wp-content\/uploads\/2022\/05\/A73DA693-CE2F-483B-BA65-96F4A3F52109-2048x1536.jpeg 2048w, http:\/\/ffw-neuhaus.de\/wordpress\/wp-content\/uploads\/2022\/05\/A73DA693-CE2F-483B-BA65-96F4A3F52109-400x300.jpeg 400w\" sizes=\"auto, (max-width: 2560px) 100vw, 2560px\" \/><\/figure>\n\n\n\n<figure class=\"wp-block-image size-large\"><img loading=\"lazy\" decoding=\"async\" width=\"2560\" height=\"1920\" data-id=\"3968\" src=\"http:\/\/ffw-neuhaus.de\/wordpress\/wp-content\/uploads\/2022\/05\/B6224577-AD91-4495-A451-CD29F53EB091-scaled.jpeg\" alt=\"\" class=\"wp-image-3968\" srcset=\"http:\/\/ffw-neuhaus.de\/wordpress\/wp-content\/uploads\/2022\/05\/B6224577-AD91-4495-A451-CD29F53EB091-scaled.jpeg 2560w, http:\/\/ffw-neuhaus.de\/wordpress\/wp-content\/uploads\/2022\/05\/B6224577-AD91-4495-A451-CD29F53EB091-300x225.jpeg 300w, http:\/\/ffw-neuhaus.de\/wordpress\/wp-content\/uploads\/2022\/05\/B6224577-AD91-4495-A451-CD29F53EB091-1024x768.jpeg 1024w, http:\/\/ffw-neuhaus.de\/wordpress\/wp-content\/uploads\/2022\/05\/B6224577-AD91-4495-A451-CD29F53EB091-768x576.jpeg 768w, http:\/\/ffw-neuhaus.de\/wordpress\/wp-content\/uploads\/2022\/05\/B6224577-AD91-4495-A451-CD29F53EB091-1536x1152.jpeg 1536w, http:\/\/ffw-neuhaus.de\/wordpress\/wp-content\/uploads\/2022\/05\/B6224577-AD91-4495-A451-CD29F53EB091-2048x1536.jpeg 2048w, http:\/\/ffw-neuhaus.de\/wordpress\/wp-content\/uploads\/2022\/05\/B6224577-AD91-4495-A451-CD29F53EB091-400x300.jpeg 400w\" sizes=\"auto, (max-width: 2560px) 100vw, 2560px\" \/><\/figure>\n<\/figure>\n\n\n\n<p><\/p>\n","protected":false},"excerpt":{"rendered":"<p>Der Neubau der FFW Neuhaus nimmt langsam Formen an. Zur Generalversammlung der FFW Neuhaus begr\u00fc\u00dfte 1. Vorstand Christian Windschiegl die Mitglieder des Vereins&nbsp;nach&nbsp;zweieinhalb j\u00e4hriger Pause wieder im Lingl-Saal.&nbsp;Mit&nbsp;insgesamt&nbsp;133 Mitgliedern&nbsp;nahm die Zahl der Frauen und M\u00e4nner in der Wehr in zwei &hellip; <a href=\"http:\/\/ffw-neuhaus.de\/?p=3967\">Weiterlesen <span class=\"meta-nav\">&rarr;<\/span><\/a><\/p>\n","protected":false},"author":2,"featured_media":0,"comment_status":"closed","ping_status":"closed","sticky":false,"template":"","format":"standard","meta":{"footnotes":""},"categories":[12,11,13],"tags":[],"class_list":["post-3967","post","type-post","status-publish","format-standard","hentry","category-uebung","category-aktuelles","category-verein"],"_links":{"self":[{"href":"http:\/\/ffw-neuhaus.de\/index.php?rest_route=\/wp\/v2\/posts\/3967","targetHints":{"allow":["GET"]}}],"collection":[{"href":"http:\/\/ffw-neuhaus.de\/index.php?rest_route=\/wp\/v2\/posts"}],"about":[{"href":"http:\/\/ffw-neuhaus.de\/index.php?rest_route=\/wp\/v2\/types\/post"}],"author":[{"embeddable":true,"href":"http:\/\/ffw-neuhaus.de\/index.php?rest_route=\/wp\/v2\/users\/2"}],"replies":[{"embeddable":true,"href":"http:\/\/ffw-neuhaus.de\/index.php?rest_route=%2Fwp%2Fv2%2Fcomments&post=3967"}],"version-history":[{"count":5,"href":"http:\/\/ffw-neuhaus.de\/index.php?rest_route=\/wp\/v2\/posts\/3967\/revisions"}],"predecessor-version":[{"id":3976,"href":"http:\/\/ffw-neuhaus.de\/index.php?rest_route=\/wp\/v2\/posts\/3967\/revisions\/3976"}],"wp:attachment":[{"href":"http:\/\/ffw-neuhaus.de\/index.php?rest_route=%2Fwp%2Fv2%2Fmedia&parent=3967"}],"wp:term":[{"taxonomy":"category","embeddable":true,"href":"http:\/\/ffw-neuhaus.de\/index.php?rest_route=%2Fwp%2Fv2%2Fcategories&post=3967"},{"taxonomy":"post_tag","embeddable":true,"href":"http:\/\/ffw-neuhaus.de\/index.php?rest_route=%2Fwp%2Fv2%2Ftags&post=3967"}],"curies":[{"name":"wp","href":"https:\/\/api.w.org\/{rel}","templated":true}]}}