{"id":4099,"date":"2022-10-02T12:42:00","date_gmt":"2022-10-02T10:42:00","guid":{"rendered":"http:\/\/ffw-neuhaus.de\/?p=4099"},"modified":"2022-10-16T13:00:16","modified_gmt":"2022-10-16T11:00:16","slug":"bayrische-jugendleistungsspange","status":"publish","type":"post","link":"http:\/\/ffw-neuhaus.de\/?p=4099","title":{"rendered":"Bayrische Jugendleistungsspange"},"content":{"rendered":"\n<p>Am 01.10.2022 stellt ein Teil unserer Jugendgruppe ihr K\u00f6nnen bei der Bayrischen Jugendleistungsspange in Floss unter Beweis. Herzlichen Gl\u00fcckwunsch zur bestandenen Pr\u00fcfung an Paula, Valentin, Konrad und Luan. <\/p>\n\n\n\n<figure class=\"wp-block-gallery has-nested-images columns-default is-cropped wp-block-gallery-1 is-layout-flex wp-block-gallery-is-layout-flex\">\n<figure class=\"wp-block-image size-large\"><img loading=\"lazy\" decoding=\"async\" width=\"720\" height=\"1600\" data-id=\"4106\" src=\"http:\/\/ffw-neuhaus.de\/wordpress\/wp-content\/uploads\/2022\/10\/FWNeuhaus_BJLS22_4.jpg\" alt=\"\" class=\"wp-image-4106\" srcset=\"http:\/\/ffw-neuhaus.de\/wordpress\/wp-content\/uploads\/2022\/10\/FWNeuhaus_BJLS22_4.jpg 720w, http:\/\/ffw-neuhaus.de\/wordpress\/wp-content\/uploads\/2022\/10\/FWNeuhaus_BJLS22_4-135x300.jpg 135w, http:\/\/ffw-neuhaus.de\/wordpress\/wp-content\/uploads\/2022\/10\/FWNeuhaus_BJLS22_4-461x1024.jpg 461w, http:\/\/ffw-neuhaus.de\/wordpress\/wp-content\/uploads\/2022\/10\/FWNeuhaus_BJLS22_4-691x1536.jpg 691w\" sizes=\"auto, (max-width: 720px) 100vw, 720px\" \/><\/figure>\n\n\n\n<figure class=\"wp-block-image size-large\"><img loading=\"lazy\" decoding=\"async\" width=\"1600\" height=\"720\" data-id=\"4105\" src=\"http:\/\/ffw-neuhaus.de\/wordpress\/wp-content\/uploads\/2022\/10\/FWNeuhaus_BJLS22_3.jpg\" alt=\"\" class=\"wp-image-4105\" srcset=\"http:\/\/ffw-neuhaus.de\/wordpress\/wp-content\/uploads\/2022\/10\/FWNeuhaus_BJLS22_3.jpg 1600w, http:\/\/ffw-neuhaus.de\/wordpress\/wp-content\/uploads\/2022\/10\/FWNeuhaus_BJLS22_3-300x135.jpg 300w, http:\/\/ffw-neuhaus.de\/wordpress\/wp-content\/uploads\/2022\/10\/FWNeuhaus_BJLS22_3-1024x461.jpg 1024w, http:\/\/ffw-neuhaus.de\/wordpress\/wp-content\/uploads\/2022\/10\/FWNeuhaus_BJLS22_3-768x346.jpg 768w, http:\/\/ffw-neuhaus.de\/wordpress\/wp-content\/uploads\/2022\/10\/FWNeuhaus_BJLS22_3-1536x691.jpg 1536w, http:\/\/ffw-neuhaus.de\/wordpress\/wp-content\/uploads\/2022\/10\/FWNeuhaus_BJLS22_3-500x225.jpg 500w\" sizes=\"auto, (max-width: 1600px) 100vw, 1600px\" \/><\/figure>\n\n\n\n<figure class=\"wp-block-image size-large\"><img loading=\"lazy\" decoding=\"async\" width=\"1600\" height=\"720\" data-id=\"4104\" src=\"http:\/\/ffw-neuhaus.de\/wordpress\/wp-content\/uploads\/2022\/10\/FWNeuhaus_BJLS22_2.jpg\" alt=\"\" class=\"wp-image-4104\" srcset=\"http:\/\/ffw-neuhaus.de\/wordpress\/wp-content\/uploads\/2022\/10\/FWNeuhaus_BJLS22_2.jpg 1600w, http:\/\/ffw-neuhaus.de\/wordpress\/wp-content\/uploads\/2022\/10\/FWNeuhaus_BJLS22_2-300x135.jpg 300w, http:\/\/ffw-neuhaus.de\/wordpress\/wp-content\/uploads\/2022\/10\/FWNeuhaus_BJLS22_2-1024x461.jpg 1024w, http:\/\/ffw-neuhaus.de\/wordpress\/wp-content\/uploads\/2022\/10\/FWNeuhaus_BJLS22_2-768x346.jpg 768w, http:\/\/ffw-neuhaus.de\/wordpress\/wp-content\/uploads\/2022\/10\/FWNeuhaus_BJLS22_2-1536x691.jpg 1536w, http:\/\/ffw-neuhaus.de\/wordpress\/wp-content\/uploads\/2022\/10\/FWNeuhaus_BJLS22_2-500x225.jpg 500w\" sizes=\"auto, (max-width: 1600px) 100vw, 1600px\" \/><\/figure>\n\n\n\n<figure class=\"wp-block-image size-large\"><img loading=\"lazy\" decoding=\"async\" width=\"1600\" height=\"720\" data-id=\"4103\" src=\"http:\/\/ffw-neuhaus.de\/wordpress\/wp-content\/uploads\/2022\/10\/FWNeuhaus_BJLS22_1.jpg\" alt=\"\" class=\"wp-image-4103\" srcset=\"http:\/\/ffw-neuhaus.de\/wordpress\/wp-content\/uploads\/2022\/10\/FWNeuhaus_BJLS22_1.jpg 1600w, http:\/\/ffw-neuhaus.de\/wordpress\/wp-content\/uploads\/2022\/10\/FWNeuhaus_BJLS22_1-300x135.jpg 300w, http:\/\/ffw-neuhaus.de\/wordpress\/wp-content\/uploads\/2022\/10\/FWNeuhaus_BJLS22_1-1024x461.jpg 1024w, http:\/\/ffw-neuhaus.de\/wordpress\/wp-content\/uploads\/2022\/10\/FWNeuhaus_BJLS22_1-768x346.jpg 768w, http:\/\/ffw-neuhaus.de\/wordpress\/wp-content\/uploads\/2022\/10\/FWNeuhaus_BJLS22_1-1536x691.jpg 1536w, http:\/\/ffw-neuhaus.de\/wordpress\/wp-content\/uploads\/2022\/10\/FWNeuhaus_BJLS22_1-500x225.jpg 500w\" sizes=\"auto, (max-width: 1600px) 100vw, 1600px\" \/><\/figure>\n<\/figure>\n","protected":false},"excerpt":{"rendered":"<p>Am 01.10.2022 stellt ein Teil unserer Jugendgruppe ihr K\u00f6nnen bei der Bayrischen Jugendleistungsspange in Floss unter Beweis. Herzlichen Gl\u00fcckwunsch zur bestandenen Pr\u00fcfung an Paula, Valentin, Konrad und Luan.<\/p>\n","protected":false},"author":2,"featured_media":0,"comment_status":"closed","ping_status":"closed","sticky":false,"template":"","format":"standard","meta":{"footnotes":""},"categories":[11,18],"tags":[],"class_list":["post-4099","post","type-post","status-publish","format-standard","hentry","category-aktuelles","category-jugend"],"_links":{"self":[{"href":"http:\/\/ffw-neuhaus.de\/index.php?rest_route=\/wp\/v2\/posts\/4099","targetHints":{"allow":["GET"]}}],"collection":[{"href":"http:\/\/ffw-neuhaus.de\/index.php?rest_route=\/wp\/v2\/posts"}],"about":[{"href":"http:\/\/ffw-neuhaus.de\/index.php?rest_route=\/wp\/v2\/types\/post"}],"author":[{"embeddable":true,"href":"http:\/\/ffw-neuhaus.de\/index.php?rest_route=\/wp\/v2\/users\/2"}],"replies":[{"embeddable":true,"href":"http:\/\/ffw-neuhaus.de\/index.php?rest_route=%2Fwp%2Fv2%2Fcomments&post=4099"}],"version-history":[{"count":4,"href":"http:\/\/ffw-neuhaus.de\/index.php?rest_route=\/wp\/v2\/posts\/4099\/revisions"}],"predecessor-version":[{"id":4107,"href":"http:\/\/ffw-neuhaus.de\/index.php?rest_route=\/wp\/v2\/posts\/4099\/revisions\/4107"}],"wp:attachment":[{"href":"http:\/\/ffw-neuhaus.de\/index.php?rest_route=%2Fwp%2Fv2%2Fmedia&parent=4099"}],"wp:term":[{"taxonomy":"category","embeddable":true,"href":"http:\/\/ffw-neuhaus.de\/index.php?rest_route=%2Fwp%2Fv2%2Fcategories&post=4099"},{"taxonomy":"post_tag","embeddable":true,"href":"http:\/\/ffw-neuhaus.de\/index.php?rest_route=%2Fwp%2Fv2%2Ftags&post=4099"}],"curies":[{"name":"wp","href":"https:\/\/api.w.org\/{rel}","templated":true}]}}