{"id":4219,"date":"2023-04-21T07:43:34","date_gmt":"2023-04-21T05:43:34","guid":{"rendered":"http:\/\/ffw-neuhaus.de\/?p=4219"},"modified":"2023-04-21T07:43:34","modified_gmt":"2023-04-21T05:43:34","slug":"maibaum-aufstellen-2023","status":"publish","type":"post","link":"http:\/\/ffw-neuhaus.de\/?p=4219","title":{"rendered":"Maibaum aufstellen 2023"},"content":{"rendered":"\n<figure class=\"wp-block-gallery has-nested-images columns-default is-cropped wp-block-gallery-1 is-layout-flex wp-block-gallery-is-layout-flex\">\n<figure class=\"wp-block-image size-large\"><a href=\"http:\/\/ffw-neuhaus.de\/wordpress\/wp-content\/uploads\/2023\/04\/Maibaum_2023.png\"><img loading=\"lazy\" decoding=\"async\" width=\"2000\" height=\"2000\" data-id=\"4220\" src=\"http:\/\/ffw-neuhaus.de\/wordpress\/wp-content\/uploads\/2023\/04\/Maibaum_2023.png\" alt=\"\" class=\"wp-image-4220\" srcset=\"http:\/\/ffw-neuhaus.de\/wordpress\/wp-content\/uploads\/2023\/04\/Maibaum_2023.png 2000w, http:\/\/ffw-neuhaus.de\/wordpress\/wp-content\/uploads\/2023\/04\/Maibaum_2023-300x300.png 300w, http:\/\/ffw-neuhaus.de\/wordpress\/wp-content\/uploads\/2023\/04\/Maibaum_2023-1024x1024.png 1024w, http:\/\/ffw-neuhaus.de\/wordpress\/wp-content\/uploads\/2023\/04\/Maibaum_2023-150x150.png 150w, http:\/\/ffw-neuhaus.de\/wordpress\/wp-content\/uploads\/2023\/04\/Maibaum_2023-768x768.png 768w, http:\/\/ffw-neuhaus.de\/wordpress\/wp-content\/uploads\/2023\/04\/Maibaum_2023-1536x1536.png 1536w, http:\/\/ffw-neuhaus.de\/wordpress\/wp-content\/uploads\/2023\/04\/Maibaum_2023-144x144.png 144w\" sizes=\"auto, (max-width: 2000px) 100vw, 2000px\" \/><\/a><\/figure>\n<\/figure>\n\n\n\n<p><strong>Kommt vorbei am 01. Mai!<\/strong><\/p>\n\n\n\n<p>Wir stellen gegen 10:00 Uhr den Maibaum auf dem Marktplatz in Neuhaus auf. Anschlie\u00dfend wird es wieder auf dem Marktpodest einen Fr\u00fchschoppen geben. Hier gibt es dann Zoigl, Wei\u00dfw\u00fcrste und warme Wiener. <\/p>\n\n\n\n<p>Der M\u00e4nnergesangsverein Harmonie und die Neuhauser Boum sorgen f\u00fcr die musikalische Umrahmung der Veranstaltung. <\/p>\n\n\n\n<p>Wir freuen uns auf euer Kommen.<\/p>\n","protected":false},"excerpt":{"rendered":"<p>Kommt vorbei am 01. Mai! Wir stellen gegen 10:00 Uhr den Maibaum auf dem Marktplatz in Neuhaus auf. Anschlie\u00dfend wird es wieder auf dem Marktpodest einen Fr\u00fchschoppen geben. Hier gibt es dann Zoigl, Wei\u00dfw\u00fcrste und warme Wiener. Der M\u00e4nnergesangsverein Harmonie &hellip; <a href=\"http:\/\/ffw-neuhaus.de\/?p=4219\">Weiterlesen <span class=\"meta-nav\">&rarr;<\/span><\/a><\/p>\n","protected":false},"author":2,"featured_media":0,"comment_status":"closed","ping_status":"closed","sticky":false,"template":"","format":"standard","meta":{"footnotes":""},"categories":[11],"tags":[],"class_list":["post-4219","post","type-post","status-publish","format-standard","hentry","category-aktuelles"],"_links":{"self":[{"href":"http:\/\/ffw-neuhaus.de\/index.php?rest_route=\/wp\/v2\/posts\/4219","targetHints":{"allow":["GET"]}}],"collection":[{"href":"http:\/\/ffw-neuhaus.de\/index.php?rest_route=\/wp\/v2\/posts"}],"about":[{"href":"http:\/\/ffw-neuhaus.de\/index.php?rest_route=\/wp\/v2\/types\/post"}],"author":[{"embeddable":true,"href":"http:\/\/ffw-neuhaus.de\/index.php?rest_route=\/wp\/v2\/users\/2"}],"replies":[{"embeddable":true,"href":"http:\/\/ffw-neuhaus.de\/index.php?rest_route=%2Fwp%2Fv2%2Fcomments&post=4219"}],"version-history":[{"count":1,"href":"http:\/\/ffw-neuhaus.de\/index.php?rest_route=\/wp\/v2\/posts\/4219\/revisions"}],"predecessor-version":[{"id":4221,"href":"http:\/\/ffw-neuhaus.de\/index.php?rest_route=\/wp\/v2\/posts\/4219\/revisions\/4221"}],"wp:attachment":[{"href":"http:\/\/ffw-neuhaus.de\/index.php?rest_route=%2Fwp%2Fv2%2Fmedia&parent=4219"}],"wp:term":[{"taxonomy":"category","embeddable":true,"href":"http:\/\/ffw-neuhaus.de\/index.php?rest_route=%2Fwp%2Fv2%2Fcategories&post=4219"},{"taxonomy":"post_tag","embeddable":true,"href":"http:\/\/ffw-neuhaus.de\/index.php?rest_route=%2Fwp%2Fv2%2Ftags&post=4219"}],"curies":[{"name":"wp","href":"https:\/\/api.w.org\/{rel}","templated":true}]}}