{"id":4258,"date":"2023-05-19T15:37:11","date_gmt":"2023-05-19T13:37:11","guid":{"rendered":"http:\/\/ffw-neuhaus.de\/?p=4258"},"modified":"2023-07-21T14:21:44","modified_gmt":"2023-07-21T12:21:44","slug":"umzug-ins-neue-feuerwehrgeraetehaus","status":"publish","type":"post","link":"http:\/\/ffw-neuhaus.de\/?p=4258","title":{"rendered":"Umzug ins neue Feuerwehrger\u00e4tehaus"},"content":{"rendered":"\n<p><strong>Traum der Feuerwehr Neuhaus vom neuen Ger\u00e4tehaus wird mit Umzug endlich Realit\u00e4t<\/strong><\/p>\n\n\n\n<p>Mit einem standesgem\u00e4\u00dfen Marsch vollzogen die Feuerwehrm\u00e4nner und -frauen in der Sch\u00f6nfichter Stra\u00dfe den Umzug vom alten ins neue Ger\u00e4tehaus. Kommandant Andreas Bogner gab den letzten Befehl zum Abr\u00fccken am alten Standort. Angef\u00fchrt vom Mannschaftstransporter und den Neuhauser Boum, die die musikalische Umrahmung \u00fcbernahmen, marschierte eine gro\u00dfe Zahl der Aktiven in pers\u00f6nlicher Schutzausr\u00fcstung samt Florionsfigur, Taferl und Fahne der Wehr los zum neuen Ger\u00e4tehaus. Nach langem Warten und gro\u00dfer M\u00fche ist man nun im neuen Einsatzgeb\u00e4ude mit Dienstr\u00e4umen angekommen. Viele Neuhauser fanden sich am Wegesrand ein und nutzten die Gelegenheit einen Blick ins neue Ger\u00e4tehaus zu werfen. Kommandant Bogner titulierte den Umzug als einen \u201ehistorischen Moment\u201c. Vor allem die Eigenleistung der Kameraden zur Fertigstellung des neuen Feuerwehrhauses konnte hervorgehoben werden. Auch dadurch wurde das Projekt zu einem vollen Erfolg. Nach dem sich die Kameraden an ihren neuen Pl\u00e4tzen eingefunden haben, nahm der Abend bei Zoigl und Brotzeit einen gem\u00fctlichen Ausklang.<\/p>\n\n\n\n<figure class=\"wp-block-gallery has-nested-images columns-2 is-cropped wp-block-gallery-1 is-layout-flex wp-block-gallery-is-layout-flex\">\n<figure class=\"wp-block-image size-medium\"><img loading=\"lazy\" decoding=\"async\" width=\"300\" height=\"225\" data-id=\"4265\" src=\"http:\/\/ffw-neuhaus.de\/wordpress\/wp-content\/uploads\/2023\/05\/FWNeuhaus_Geraethausneubau_288-300x225.jpeg\" alt=\"\" class=\"wp-image-4265\" srcset=\"http:\/\/ffw-neuhaus.de\/wordpress\/wp-content\/uploads\/2023\/05\/FWNeuhaus_Geraethausneubau_288-300x225.jpeg 300w, http:\/\/ffw-neuhaus.de\/wordpress\/wp-content\/uploads\/2023\/05\/FWNeuhaus_Geraethausneubau_288-768x576.jpeg 768w, http:\/\/ffw-neuhaus.de\/wordpress\/wp-content\/uploads\/2023\/05\/FWNeuhaus_Geraethausneubau_288-400x300.jpeg 400w, http:\/\/ffw-neuhaus.de\/wordpress\/wp-content\/uploads\/2023\/05\/FWNeuhaus_Geraethausneubau_288.jpeg 1000w\" sizes=\"auto, (max-width: 300px) 100vw, 300px\" \/><\/figure>\n\n\n\n<figure class=\"wp-block-image size-medium\"><img loading=\"lazy\" decoding=\"async\" width=\"300\" height=\"169\" data-id=\"4259\" src=\"http:\/\/ffw-neuhaus.de\/wordpress\/wp-content\/uploads\/2023\/05\/FWNeuhaus_Geraethausneubau_115-300x169.jpeg\" alt=\"\" class=\"wp-image-4259\" srcset=\"http:\/\/ffw-neuhaus.de\/wordpress\/wp-content\/uploads\/2023\/05\/FWNeuhaus_Geraethausneubau_115-300x169.jpeg 300w, http:\/\/ffw-neuhaus.de\/wordpress\/wp-content\/uploads\/2023\/05\/FWNeuhaus_Geraethausneubau_115-768x432.jpeg 768w, http:\/\/ffw-neuhaus.de\/wordpress\/wp-content\/uploads\/2023\/05\/FWNeuhaus_Geraethausneubau_115-500x282.jpeg 500w, http:\/\/ffw-neuhaus.de\/wordpress\/wp-content\/uploads\/2023\/05\/FWNeuhaus_Geraethausneubau_115.jpeg 1000w\" sizes=\"auto, (max-width: 300px) 100vw, 300px\" \/><\/figure>\n\n\n\n<figure class=\"wp-block-image size-medium\"><img loading=\"lazy\" decoding=\"async\" width=\"300\" height=\"200\" data-id=\"4261\" src=\"http:\/\/ffw-neuhaus.de\/wordpress\/wp-content\/uploads\/2023\/05\/FWNeuhaus_Geraethausneubau_147-300x200.jpeg\" alt=\"\" class=\"wp-image-4261\" srcset=\"http:\/\/ffw-neuhaus.de\/wordpress\/wp-content\/uploads\/2023\/05\/FWNeuhaus_Geraethausneubau_147-300x200.jpeg 300w, http:\/\/ffw-neuhaus.de\/wordpress\/wp-content\/uploads\/2023\/05\/FWNeuhaus_Geraethausneubau_147-768x512.jpeg 768w, http:\/\/ffw-neuhaus.de\/wordpress\/wp-content\/uploads\/2023\/05\/FWNeuhaus_Geraethausneubau_147-450x300.jpeg 450w, http:\/\/ffw-neuhaus.de\/wordpress\/wp-content\/uploads\/2023\/05\/FWNeuhaus_Geraethausneubau_147.jpeg 1000w\" sizes=\"auto, (max-width: 300px) 100vw, 300px\" \/><\/figure>\n\n\n\n<figure class=\"wp-block-image size-medium\"><img loading=\"lazy\" decoding=\"async\" width=\"300\" height=\"200\" data-id=\"4262\" src=\"http:\/\/ffw-neuhaus.de\/wordpress\/wp-content\/uploads\/2023\/05\/FWNeuhaus_Geraethausneubau_178-300x200.jpeg\" alt=\"\" class=\"wp-image-4262\" srcset=\"http:\/\/ffw-neuhaus.de\/wordpress\/wp-content\/uploads\/2023\/05\/FWNeuhaus_Geraethausneubau_178-300x200.jpeg 300w, http:\/\/ffw-neuhaus.de\/wordpress\/wp-content\/uploads\/2023\/05\/FWNeuhaus_Geraethausneubau_178-768x512.jpeg 768w, http:\/\/ffw-neuhaus.de\/wordpress\/wp-content\/uploads\/2023\/05\/FWNeuhaus_Geraethausneubau_178-450x300.jpeg 450w, http:\/\/ffw-neuhaus.de\/wordpress\/wp-content\/uploads\/2023\/05\/FWNeuhaus_Geraethausneubau_178.jpeg 1000w\" sizes=\"auto, (max-width: 300px) 100vw, 300px\" \/><\/figure>\n\n\n\n<figure class=\"wp-block-image size-medium\"><img loading=\"lazy\" decoding=\"async\" width=\"300\" height=\"200\" data-id=\"4263\" src=\"http:\/\/ffw-neuhaus.de\/wordpress\/wp-content\/uploads\/2023\/05\/FWNeuhaus_Geraethausneubau_182-300x200.jpeg\" alt=\"\" class=\"wp-image-4263\" srcset=\"http:\/\/ffw-neuhaus.de\/wordpress\/wp-content\/uploads\/2023\/05\/FWNeuhaus_Geraethausneubau_182-300x200.jpeg 300w, http:\/\/ffw-neuhaus.de\/wordpress\/wp-content\/uploads\/2023\/05\/FWNeuhaus_Geraethausneubau_182-768x512.jpeg 768w, http:\/\/ffw-neuhaus.de\/wordpress\/wp-content\/uploads\/2023\/05\/FWNeuhaus_Geraethausneubau_182-450x300.jpeg 450w, http:\/\/ffw-neuhaus.de\/wordpress\/wp-content\/uploads\/2023\/05\/FWNeuhaus_Geraethausneubau_182.jpeg 1000w\" sizes=\"auto, (max-width: 300px) 100vw, 300px\" \/><\/figure>\n\n\n\n<figure class=\"wp-block-image size-medium\"><img loading=\"lazy\" decoding=\"async\" width=\"300\" height=\"225\" data-id=\"4266\" src=\"http:\/\/ffw-neuhaus.de\/wordpress\/wp-content\/uploads\/2023\/05\/FWNeuhaus_Geraethausneubau_292-300x225.jpeg\" alt=\"\" class=\"wp-image-4266\" srcset=\"http:\/\/ffw-neuhaus.de\/wordpress\/wp-content\/uploads\/2023\/05\/FWNeuhaus_Geraethausneubau_292-300x225.jpeg 300w, http:\/\/ffw-neuhaus.de\/wordpress\/wp-content\/uploads\/2023\/05\/FWNeuhaus_Geraethausneubau_292-768x576.jpeg 768w, http:\/\/ffw-neuhaus.de\/wordpress\/wp-content\/uploads\/2023\/05\/FWNeuhaus_Geraethausneubau_292-400x300.jpeg 400w, http:\/\/ffw-neuhaus.de\/wordpress\/wp-content\/uploads\/2023\/05\/FWNeuhaus_Geraethausneubau_292.jpeg 1000w\" sizes=\"auto, (max-width: 300px) 100vw, 300px\" \/><\/figure>\n\n\n\n<figure class=\"wp-block-image size-medium\"><img loading=\"lazy\" decoding=\"async\" width=\"300\" height=\"225\" data-id=\"4267\" src=\"http:\/\/ffw-neuhaus.de\/wordpress\/wp-content\/uploads\/2023\/05\/FWNeuhaus_Geraethausneubau_296-300x225.jpeg\" alt=\"\" class=\"wp-image-4267\" srcset=\"http:\/\/ffw-neuhaus.de\/wordpress\/wp-content\/uploads\/2023\/05\/FWNeuhaus_Geraethausneubau_296-300x225.jpeg 300w, http:\/\/ffw-neuhaus.de\/wordpress\/wp-content\/uploads\/2023\/05\/FWNeuhaus_Geraethausneubau_296-768x576.jpeg 768w, http:\/\/ffw-neuhaus.de\/wordpress\/wp-content\/uploads\/2023\/05\/FWNeuhaus_Geraethausneubau_296-400x300.jpeg 400w, http:\/\/ffw-neuhaus.de\/wordpress\/wp-content\/uploads\/2023\/05\/FWNeuhaus_Geraethausneubau_296.jpeg 1000w\" sizes=\"auto, (max-width: 300px) 100vw, 300px\" \/><\/figure>\n\n\n\n<figure class=\"wp-block-image size-medium\"><img loading=\"lazy\" decoding=\"async\" width=\"300\" height=\"169\" data-id=\"4260\" src=\"http:\/\/ffw-neuhaus.de\/wordpress\/wp-content\/uploads\/2023\/05\/FWNeuhaus_Geraethausneubau_130-300x169.jpeg\" alt=\"\" class=\"wp-image-4260\" srcset=\"http:\/\/ffw-neuhaus.de\/wordpress\/wp-content\/uploads\/2023\/05\/FWNeuhaus_Geraethausneubau_130-300x169.jpeg 300w, http:\/\/ffw-neuhaus.de\/wordpress\/wp-content\/uploads\/2023\/05\/FWNeuhaus_Geraethausneubau_130-768x432.jpeg 768w, http:\/\/ffw-neuhaus.de\/wordpress\/wp-content\/uploads\/2023\/05\/FWNeuhaus_Geraethausneubau_130-500x282.jpeg 500w, http:\/\/ffw-neuhaus.de\/wordpress\/wp-content\/uploads\/2023\/05\/FWNeuhaus_Geraethausneubau_130.jpeg 1000w\" sizes=\"auto, (max-width: 300px) 100vw, 300px\" \/><\/figure>\n\n\n\n<figure class=\"wp-block-image size-medium\"><img loading=\"lazy\" decoding=\"async\" width=\"300\" height=\"200\" data-id=\"4264\" src=\"http:\/\/ffw-neuhaus.de\/wordpress\/wp-content\/uploads\/2023\/05\/FWNeuhaus_Geraethausneubau_259-300x200.jpeg\" alt=\"\" class=\"wp-image-4264\" srcset=\"http:\/\/ffw-neuhaus.de\/wordpress\/wp-content\/uploads\/2023\/05\/FWNeuhaus_Geraethausneubau_259-300x200.jpeg 300w, http:\/\/ffw-neuhaus.de\/wordpress\/wp-content\/uploads\/2023\/05\/FWNeuhaus_Geraethausneubau_259-768x512.jpeg 768w, http:\/\/ffw-neuhaus.de\/wordpress\/wp-content\/uploads\/2023\/05\/FWNeuhaus_Geraethausneubau_259-450x300.jpeg 450w, http:\/\/ffw-neuhaus.de\/wordpress\/wp-content\/uploads\/2023\/05\/FWNeuhaus_Geraethausneubau_259.jpeg 1000w\" sizes=\"auto, (max-width: 300px) 100vw, 300px\" \/><\/figure>\n\n\n\n<figure class=\"wp-block-image size-medium\"><img loading=\"lazy\" decoding=\"async\" width=\"300\" height=\"225\" data-id=\"4268\" src=\"http:\/\/ffw-neuhaus.de\/wordpress\/wp-content\/uploads\/2023\/05\/FWNeuhaus_Geraethausneubau_300-300x225.jpeg\" alt=\"\" class=\"wp-image-4268\" srcset=\"http:\/\/ffw-neuhaus.de\/wordpress\/wp-content\/uploads\/2023\/05\/FWNeuhaus_Geraethausneubau_300-300x225.jpeg 300w, http:\/\/ffw-neuhaus.de\/wordpress\/wp-content\/uploads\/2023\/05\/FWNeuhaus_Geraethausneubau_300-768x576.jpeg 768w, http:\/\/ffw-neuhaus.de\/wordpress\/wp-content\/uploads\/2023\/05\/FWNeuhaus_Geraethausneubau_300-400x300.jpeg 400w, http:\/\/ffw-neuhaus.de\/wordpress\/wp-content\/uploads\/2023\/05\/FWNeuhaus_Geraethausneubau_300.jpeg 1000w\" sizes=\"auto, (max-width: 300px) 100vw, 300px\" \/><\/figure>\n<\/figure>\n","protected":false},"excerpt":{"rendered":"<p>Traum der Feuerwehr Neuhaus vom neuen Ger\u00e4tehaus wird mit Umzug endlich Realit\u00e4t Mit einem standesgem\u00e4\u00dfen Marsch vollzogen die Feuerwehrm\u00e4nner und -frauen in der Sch\u00f6nfichter Stra\u00dfe den Umzug vom alten ins neue Ger\u00e4tehaus. Kommandant Andreas Bogner gab den letzten Befehl zum &hellip; <a href=\"http:\/\/ffw-neuhaus.de\/?p=4258\">Weiterlesen <span class=\"meta-nav\">&rarr;<\/span><\/a><\/p>\n","protected":false},"author":2,"featured_media":0,"comment_status":"closed","ping_status":"closed","sticky":false,"template":"","format":"standard","meta":{"footnotes":""},"categories":[11,1,29],"tags":[],"class_list":["post-4258","post","type-post","status-publish","format-standard","hentry","category-aktuelles","category-allgemein","category-geraetehaus"],"_links":{"self":[{"href":"http:\/\/ffw-neuhaus.de\/index.php?rest_route=\/wp\/v2\/posts\/4258","targetHints":{"allow":["GET"]}}],"collection":[{"href":"http:\/\/ffw-neuhaus.de\/index.php?rest_route=\/wp\/v2\/posts"}],"about":[{"href":"http:\/\/ffw-neuhaus.de\/index.php?rest_route=\/wp\/v2\/types\/post"}],"author":[{"embeddable":true,"href":"http:\/\/ffw-neuhaus.de\/index.php?rest_route=\/wp\/v2\/users\/2"}],"replies":[{"embeddable":true,"href":"http:\/\/ffw-neuhaus.de\/index.php?rest_route=%2Fwp%2Fv2%2Fcomments&post=4258"}],"version-history":[{"count":2,"href":"http:\/\/ffw-neuhaus.de\/index.php?rest_route=\/wp\/v2\/posts\/4258\/revisions"}],"predecessor-version":[{"id":4270,"href":"http:\/\/ffw-neuhaus.de\/index.php?rest_route=\/wp\/v2\/posts\/4258\/revisions\/4270"}],"wp:attachment":[{"href":"http:\/\/ffw-neuhaus.de\/index.php?rest_route=%2Fwp%2Fv2%2Fmedia&parent=4258"}],"wp:term":[{"taxonomy":"category","embeddable":true,"href":"http:\/\/ffw-neuhaus.de\/index.php?rest_route=%2Fwp%2Fv2%2Fcategories&post=4258"},{"taxonomy":"post_tag","embeddable":true,"href":"http:\/\/ffw-neuhaus.de\/index.php?rest_route=%2Fwp%2Fv2%2Ftags&post=4258"}],"curies":[{"name":"wp","href":"https:\/\/api.w.org\/{rel}","templated":true}]}}