{"id":4451,"date":"2024-01-24T09:21:17","date_gmt":"2024-01-24T08:21:17","guid":{"rendered":"http:\/\/ffw-neuhaus.de\/?p=4451"},"modified":"2024-01-24T10:23:01","modified_gmt":"2024-01-24T09:23:01","slug":"paukenschlag-in-der-versammlung-der-feuerwehr-neuhaus","status":"publish","type":"post","link":"http:\/\/ffw-neuhaus.de\/?p=4451","title":{"rendered":"Paukenschlag in der Versammlung der Feuerwehr Neuhaus"},"content":{"rendered":"\n<p>Eigentlich sah es bei der Feuerwehr Neuhaus nach einer Dienst- und Jahreshauptversammlung aus, die ohne gro\u00dfe H\u00f6hen und Tiefen \u00fcber die B\u00fchne geht. Dann folgte jedoch eine Ank\u00fcndigung, die mit Mitglieder aufhorchen lie\u00df.<\/p>\n\n\n\n<figure class=\"wp-block-gallery has-nested-images columns-2 is-cropped wp-block-gallery-1 is-layout-flex wp-block-gallery-is-layout-flex\">\n<figure class=\"wp-block-image size-medium is-style-default\"><img loading=\"lazy\" decoding=\"async\" width=\"300\" height=\"225\" data-id=\"4453\" src=\"http:\/\/ffw-neuhaus.de\/wordpress\/wp-content\/uploads\/2024\/01\/FW_Neuhaus_JHV2023_2-300x225.jpeg\" alt=\"\" class=\"wp-image-4453\" srcset=\"http:\/\/ffw-neuhaus.de\/wordpress\/wp-content\/uploads\/2024\/01\/FW_Neuhaus_JHV2023_2-300x225.jpeg 300w, http:\/\/ffw-neuhaus.de\/wordpress\/wp-content\/uploads\/2024\/01\/FW_Neuhaus_JHV2023_2-768x576.jpeg 768w, http:\/\/ffw-neuhaus.de\/wordpress\/wp-content\/uploads\/2024\/01\/FW_Neuhaus_JHV2023_2-400x300.jpeg 400w, http:\/\/ffw-neuhaus.de\/wordpress\/wp-content\/uploads\/2024\/01\/FW_Neuhaus_JHV2023_2.jpeg 1000w\" sizes=\"auto, (max-width: 300px) 100vw, 300px\" \/><\/figure>\n\n\n\n<figure class=\"wp-block-image size-medium is-style-default\"><img loading=\"lazy\" decoding=\"async\" width=\"300\" height=\"225\" data-id=\"4454\" src=\"http:\/\/ffw-neuhaus.de\/wordpress\/wp-content\/uploads\/2024\/01\/FW_Neuhaus_JHV2023_3-300x225.jpeg\" alt=\"Vereinsehrungen\" class=\"wp-image-4454\" srcset=\"http:\/\/ffw-neuhaus.de\/wordpress\/wp-content\/uploads\/2024\/01\/FW_Neuhaus_JHV2023_3-300x225.jpeg 300w, http:\/\/ffw-neuhaus.de\/wordpress\/wp-content\/uploads\/2024\/01\/FW_Neuhaus_JHV2023_3-768x576.jpeg 768w, http:\/\/ffw-neuhaus.de\/wordpress\/wp-content\/uploads\/2024\/01\/FW_Neuhaus_JHV2023_3-400x300.jpeg 400w, http:\/\/ffw-neuhaus.de\/wordpress\/wp-content\/uploads\/2024\/01\/FW_Neuhaus_JHV2023_3.jpeg 1000w\" sizes=\"auto, (max-width: 300px) 100vw, 300px\" \/><\/figure>\n\n\n\n<figure class=\"wp-block-image size-medium is-style-default\"><img loading=\"lazy\" decoding=\"async\" width=\"300\" height=\"225\" data-id=\"4455\" src=\"http:\/\/ffw-neuhaus.de\/wordpress\/wp-content\/uploads\/2024\/01\/FW_Neuhaus_JHV2023_4-300x225.jpeg\" alt=\"Dienstabzeichen von aktive Dienstzeit.\" class=\"wp-image-4455\" srcset=\"http:\/\/ffw-neuhaus.de\/wordpress\/wp-content\/uploads\/2024\/01\/FW_Neuhaus_JHV2023_4-300x225.jpeg 300w, http:\/\/ffw-neuhaus.de\/wordpress\/wp-content\/uploads\/2024\/01\/FW_Neuhaus_JHV2023_4-768x576.jpeg 768w, http:\/\/ffw-neuhaus.de\/wordpress\/wp-content\/uploads\/2024\/01\/FW_Neuhaus_JHV2023_4-400x300.jpeg 400w, http:\/\/ffw-neuhaus.de\/wordpress\/wp-content\/uploads\/2024\/01\/FW_Neuhaus_JHV2023_4.jpeg 1000w\" sizes=\"auto, (max-width: 300px) 100vw, 300px\" \/><\/figure>\n\n\n\n<figure class=\"wp-block-image size-medium is-style-default\"><img loading=\"lazy\" decoding=\"async\" width=\"300\" height=\"225\" data-id=\"4452\" src=\"http:\/\/ffw-neuhaus.de\/wordpress\/wp-content\/uploads\/2024\/01\/FW_Neuhaus_JHV2023_1-300x225.jpeg\" alt=\"\" class=\"wp-image-4452\" srcset=\"http:\/\/ffw-neuhaus.de\/wordpress\/wp-content\/uploads\/2024\/01\/FW_Neuhaus_JHV2023_1-300x225.jpeg 300w, http:\/\/ffw-neuhaus.de\/wordpress\/wp-content\/uploads\/2024\/01\/FW_Neuhaus_JHV2023_1-768x576.jpeg 768w, http:\/\/ffw-neuhaus.de\/wordpress\/wp-content\/uploads\/2024\/01\/FW_Neuhaus_JHV2023_1-400x300.jpeg 400w, http:\/\/ffw-neuhaus.de\/wordpress\/wp-content\/uploads\/2024\/01\/FW_Neuhaus_JHV2023_1.jpeg 1000w\" sizes=\"auto, (max-width: 300px) 100vw, 300px\" \/><\/figure>\n<\/figure>\n\n\n\n<p>Eigentlich war alles gesagt in der harmonisch verlaufenen Dienst- und Jahreshauptversammlung der Feuerwehr Neuhaus beim Lingl. Da \u00fcbernahm Kommandant Andreas Bogner das Schlusswort und sagte: \u201eLiebe Feuerwehrler, ich h\u00f6r auf.\u201c Ein Paukenschlag. Und betroffenes Schweigenbei den \u00fcber 60 aktiven und passiven Mitgliedern im Saal. Bogner, der sechs Jahre als Zweiter und 27 Jahre als Erster Kommandant die Feuerwehr Neuhaus gepr\u00e4gt hat, betonte, \u201edass er nicht hinschmei\u00dft\u201c. Die Uhr sei einfach abgelaufen. Er h\u00f6re einfach auf und arbeite mit an der Suche nach seinem Nachfolger. Zudem werde er auch als Aktiver weiterhin im Einsatzfahrzeug sitzen, aber eben hinten. Mitte M\u00e4rz soll die Dienstversammlung mit Neuwahl stattfinden.<\/p>\n\n\n\n<p>Eingeleitet hatte die Dienst- und Jahreshauptversammlung zun\u00e4chst Vorsitzender Christian Windschiegl. Er bezeichnetes 2023 mit dem Einzug ins neue Feuerwehrhaus als ein ganz besonderes Jahr. Am 9. Februar ist Hausfasching. 130 Mitglieder hat die Wehr. Kommandant Bogner listete 3200 Helferstunden beim Bau des neuen Feuerwehrhauses auf. Er f\u00fchrte weiter 52 Eins\u00e4tze, zumeist auf der Autobahn und bei Feldbr\u00e4nden mit 624 Einsatzstunden an. 22 \u00dcbungen mit 190 Teilnehmern \u00fcber 330 Stunden gab es. Auf 60 Aktive k\u00f6nne er bauen. Ein neuer Verkehrssicherungsanh\u00e4nger werde heuer in Dienst gestellt, und es stehe auch eine neue Gruppeneinteilung an.&nbsp;<\/p>\n\n\n\n<p>Die Dienstabzeichen f\u00fcr zehn Jahre aktive Dienstzeit \u00fcbergab Bogner an Simon Windschiegl und Jonas M\u00fcller, f\u00fcr 20 Jahre an Benedikt Schrott und f\u00fcr 30 Jahre an Reiner Windschiegl. Wie Jugendwart Simon Sch\u00f6nberger anf\u00fchrte, hat er acht Jugendliche in der Gruppe. Atemschutzwart Uli Kreinh\u00f6fner f\u00fchrt an, dass 20 Ger\u00e4tetr\u00e4ger aktiv sind. Ger\u00e4tewart Thomas Kreinh\u00f6fner f\u00fchrt neu angeschaffte Ausr\u00fcstung an, und Zeugwart Christian Bauer erw\u00e4hnt, dass 86 Uniformen ausgegeben sind und die Jugend neu eingekleidet wurde. B\u00fcrgermeister Karlheinz Budnik stellt fest, dass Neuhaus \u201eFeuerwehrqualit\u00e4t\u201c hat. Der Meilenstein Ger\u00e4tehaus war die richtige Entscheidung. 3200 Helferstunden haben der Stadt sicherlich gut getan.<\/p>\n\n\n\n<p>Vereinsehrungen: 25 Jahre Treue: Johannes Eibl, Michael Ermer. 40 Jahre: Clemens Sch\u00f6nberger, Johannes Spachtholz, Richard Uhl, Harald Windschiegl, Andreas Bogner, Fritz Witt, Christian K\u00e4s, Thomas Kreinh\u00f6fner. 50 Jahre: Alfred Schletz, Wolfgang K\u00e4s, Martin Riedl<\/p>\n","protected":false},"excerpt":{"rendered":"<p>Eigentlich sah es bei der Feuerwehr Neuhaus nach einer Dienst- und Jahreshauptversammlung aus, die ohne gro\u00dfe H\u00f6hen und Tiefen \u00fcber die B\u00fchne geht. Dann folgte jedoch eine Ank\u00fcndigung, die mit Mitglieder aufhorchen lie\u00df. Eigentlich war alles gesagt in der harmonisch &hellip; <a href=\"http:\/\/ffw-neuhaus.de\/?p=4451\">Weiterlesen <span class=\"meta-nav\">&rarr;<\/span><\/a><\/p>\n","protected":false},"author":2,"featured_media":0,"comment_status":"closed","ping_status":"closed","sticky":false,"template":"","format":"standard","meta":{"footnotes":""},"categories":[11],"tags":[],"class_list":["post-4451","post","type-post","status-publish","format-standard","hentry","category-aktuelles"],"_links":{"self":[{"href":"http:\/\/ffw-neuhaus.de\/index.php?rest_route=\/wp\/v2\/posts\/4451","targetHints":{"allow":["GET"]}}],"collection":[{"href":"http:\/\/ffw-neuhaus.de\/index.php?rest_route=\/wp\/v2\/posts"}],"about":[{"href":"http:\/\/ffw-neuhaus.de\/index.php?rest_route=\/wp\/v2\/types\/post"}],"author":[{"embeddable":true,"href":"http:\/\/ffw-neuhaus.de\/index.php?rest_route=\/wp\/v2\/users\/2"}],"replies":[{"embeddable":true,"href":"http:\/\/ffw-neuhaus.de\/index.php?rest_route=%2Fwp%2Fv2%2Fcomments&post=4451"}],"version-history":[{"count":2,"href":"http:\/\/ffw-neuhaus.de\/index.php?rest_route=\/wp\/v2\/posts\/4451\/revisions"}],"predecessor-version":[{"id":4457,"href":"http:\/\/ffw-neuhaus.de\/index.php?rest_route=\/wp\/v2\/posts\/4451\/revisions\/4457"}],"wp:attachment":[{"href":"http:\/\/ffw-neuhaus.de\/index.php?rest_route=%2Fwp%2Fv2%2Fmedia&parent=4451"}],"wp:term":[{"taxonomy":"category","embeddable":true,"href":"http:\/\/ffw-neuhaus.de\/index.php?rest_route=%2Fwp%2Fv2%2Fcategories&post=4451"},{"taxonomy":"post_tag","embeddable":true,"href":"http:\/\/ffw-neuhaus.de\/index.php?rest_route=%2Fwp%2Fv2%2Ftags&post=4451"}],"curies":[{"name":"wp","href":"https:\/\/api.w.org\/{rel}","templated":true}]}}