{"id":4483,"date":"2024-03-08T07:51:18","date_gmt":"2024-03-08T06:51:18","guid":{"rendered":"http:\/\/ffw-neuhaus.de\/?p=4483"},"modified":"2024-03-15T08:01:18","modified_gmt":"2024-03-15T07:01:18","slug":"fabian-zetzl-neuer-kommandant-der-feuerwehr-neuhaus","status":"publish","type":"post","link":"http:\/\/ffw-neuhaus.de\/?p=4483","title":{"rendered":"Fabian Zetzl neuer Kommandant der Feuerwehr Neuhaus"},"content":{"rendered":"\n<p>Im Januar hatte Kommandant Andreas Bogner nach 28 Jahren bei der Feuerwehr Neuhaus seinen R\u00fccktritt erkl\u00e4rt. Nun ging es bei der von der Stadt Windischeschenbach einberufenen Dienstversammlung im neuen Ger\u00e4tehaus darum, die Feuerwehr Neuhaus nach den Worten von B\u00fcrgermeister Karlheinz Budnik wieder mit einem aktiven F\u00fchrungsduo auszustatten.&nbsp;<\/p>\n\n\n\n<p>Bogners R\u00fccktritt verursachte kein Vakuum. Vielmehr hatte der Kommandant das Feld gut bestellt. Die Anwesenheit von 50 Aktiven der insgesamt 60 M\u00e4nner und Frauen umfassenden Truppe zeigte die hohe Wertsch\u00e4tzung f\u00fcr Bogner, aber auch f\u00fcr dessen Nachfolger. Bei der Neuwahl stimmten 49 Aktive bei einer Enthaltung f\u00fcr Fabian Zetzl, den bisherigen Stellvertreter Bogners. Durch dessen Nachr\u00fccken galt es einen neuen stellvertretenden Kommandanten zu w\u00e4hlen. Es ist Benjamin Mayer.\u00a0<\/p>\n\n\n\n<figure class=\"wp-block-gallery has-nested-images columns-default is-cropped wp-block-gallery-1 is-layout-flex wp-block-gallery-is-layout-flex\">\n<figure class=\"wp-block-image size-large is-style-default\"><img loading=\"lazy\" decoding=\"async\" width=\"1024\" height=\"682\" data-id=\"4485\" src=\"http:\/\/ffw-neuhaus.de\/wordpress\/wp-content\/uploads\/2024\/03\/FWNeuhaus_Dienstversammlung2024_2-1024x682.jpeg\" alt=\"\" class=\"wp-image-4485\" srcset=\"http:\/\/ffw-neuhaus.de\/wordpress\/wp-content\/uploads\/2024\/03\/FWNeuhaus_Dienstversammlung2024_2-1024x682.jpeg 1024w, http:\/\/ffw-neuhaus.de\/wordpress\/wp-content\/uploads\/2024\/03\/FWNeuhaus_Dienstversammlung2024_2-300x200.jpeg 300w, http:\/\/ffw-neuhaus.de\/wordpress\/wp-content\/uploads\/2024\/03\/FWNeuhaus_Dienstversammlung2024_2-768x512.jpeg 768w, http:\/\/ffw-neuhaus.de\/wordpress\/wp-content\/uploads\/2024\/03\/FWNeuhaus_Dienstversammlung2024_2-1536x1024.jpeg 1536w, http:\/\/ffw-neuhaus.de\/wordpress\/wp-content\/uploads\/2024\/03\/FWNeuhaus_Dienstversammlung2024_2-450x300.jpeg 450w, http:\/\/ffw-neuhaus.de\/wordpress\/wp-content\/uploads\/2024\/03\/FWNeuhaus_Dienstversammlung2024_2.jpeg 2000w\" sizes=\"auto, (max-width: 1024px) 100vw, 1024px\" \/><\/figure>\n<\/figure>\n\n\n\n<p>Budnik sprach von einem Lebenswerk Bogners, das dieser mit dem neuen Feuerwehrhaus verwirklich hat und \u00fcberreichte als Auszeichnung die Silbermedaille der Stadt. Kreisbrandmeister Marco Saller hob Bogner als einen &#8222;Vorzeigekommandanten im Landkreis&#8220; hervor und \u00fcberreichte im Namen des Landesfeuerwehrverbands das Bayerische Feuerwehrehrenzeichen in Silber.&nbsp;<\/p>\n\n\n\n<p>Feuerwehrvorsitzender Christian Windschiegl hatte als Abschiedsgeschenk eine Sitzgruppe aus Holz ins Feuerwehrhaus gestellt, die keinesfalls als Rentnerplatz gesehen wird, weil Bogner weiterhin aktiv bleibt. Der Feuerwehrreferent der Stadt Thomas Wilhelm skizzierte als pers\u00f6nlicher Wegbegleiter Bogners diesen als Mann mit hohen F\u00fchrungsqualit\u00e4ten. &#8222;Bitte legt nicht Bogners Dienstzeit als Messlatte f\u00fcr mich an&#8220;, res\u00fcmiert am Ende der Dienstversammlung der neue Kommandant Zetzl.<\/p>\n\n\n\n<figure class=\"wp-block-gallery has-nested-images columns-default is-cropped wp-block-gallery-2 is-layout-flex wp-block-gallery-is-layout-flex\">\n<figure class=\"wp-block-image size-large is-style-default\"><img loading=\"lazy\" decoding=\"async\" width=\"1024\" height=\"682\" data-id=\"4484\" src=\"http:\/\/ffw-neuhaus.de\/wordpress\/wp-content\/uploads\/2024\/03\/FWNeuhaus_Dienstversammlung2024_1-1024x682.jpeg\" alt=\"\" class=\"wp-image-4484\" srcset=\"http:\/\/ffw-neuhaus.de\/wordpress\/wp-content\/uploads\/2024\/03\/FWNeuhaus_Dienstversammlung2024_1-1024x682.jpeg 1024w, http:\/\/ffw-neuhaus.de\/wordpress\/wp-content\/uploads\/2024\/03\/FWNeuhaus_Dienstversammlung2024_1-300x200.jpeg 300w, http:\/\/ffw-neuhaus.de\/wordpress\/wp-content\/uploads\/2024\/03\/FWNeuhaus_Dienstversammlung2024_1-768x512.jpeg 768w, http:\/\/ffw-neuhaus.de\/wordpress\/wp-content\/uploads\/2024\/03\/FWNeuhaus_Dienstversammlung2024_1-1536x1024.jpeg 1536w, http:\/\/ffw-neuhaus.de\/wordpress\/wp-content\/uploads\/2024\/03\/FWNeuhaus_Dienstversammlung2024_1-450x300.jpeg 450w, http:\/\/ffw-neuhaus.de\/wordpress\/wp-content\/uploads\/2024\/03\/FWNeuhaus_Dienstversammlung2024_1.jpeg 2000w\" sizes=\"auto, (max-width: 1024px) 100vw, 1024px\" \/><\/figure>\n<\/figure>\n","protected":false},"excerpt":{"rendered":"<p>Im Januar hatte Kommandant Andreas Bogner nach 28 Jahren bei der Feuerwehr Neuhaus seinen R\u00fccktritt erkl\u00e4rt. Nun ging es bei der von der Stadt Windischeschenbach einberufenen Dienstversammlung im neuen Ger\u00e4tehaus darum, die Feuerwehr Neuhaus nach den Worten von B\u00fcrgermeister Karlheinz &hellip; <a href=\"http:\/\/ffw-neuhaus.de\/?p=4483\">Weiterlesen <span class=\"meta-nav\">&rarr;<\/span><\/a><\/p>\n","protected":false},"author":2,"featured_media":0,"comment_status":"closed","ping_status":"closed","sticky":false,"template":"","format":"standard","meta":{"footnotes":""},"categories":[11],"tags":[],"class_list":["post-4483","post","type-post","status-publish","format-standard","hentry","category-aktuelles"],"_links":{"self":[{"href":"http:\/\/ffw-neuhaus.de\/index.php?rest_route=\/wp\/v2\/posts\/4483","targetHints":{"allow":["GET"]}}],"collection":[{"href":"http:\/\/ffw-neuhaus.de\/index.php?rest_route=\/wp\/v2\/posts"}],"about":[{"href":"http:\/\/ffw-neuhaus.de\/index.php?rest_route=\/wp\/v2\/types\/post"}],"author":[{"embeddable":true,"href":"http:\/\/ffw-neuhaus.de\/index.php?rest_route=\/wp\/v2\/users\/2"}],"replies":[{"embeddable":true,"href":"http:\/\/ffw-neuhaus.de\/index.php?rest_route=%2Fwp%2Fv2%2Fcomments&post=4483"}],"version-history":[{"count":1,"href":"http:\/\/ffw-neuhaus.de\/index.php?rest_route=\/wp\/v2\/posts\/4483\/revisions"}],"predecessor-version":[{"id":4486,"href":"http:\/\/ffw-neuhaus.de\/index.php?rest_route=\/wp\/v2\/posts\/4483\/revisions\/4486"}],"wp:attachment":[{"href":"http:\/\/ffw-neuhaus.de\/index.php?rest_route=%2Fwp%2Fv2%2Fmedia&parent=4483"}],"wp:term":[{"taxonomy":"category","embeddable":true,"href":"http:\/\/ffw-neuhaus.de\/index.php?rest_route=%2Fwp%2Fv2%2Fcategories&post=4483"},{"taxonomy":"post_tag","embeddable":true,"href":"http:\/\/ffw-neuhaus.de\/index.php?rest_route=%2Fwp%2Fv2%2Ftags&post=4483"}],"curies":[{"name":"wp","href":"https:\/\/api.w.org\/{rel}","templated":true}]}}