{"id":4562,"date":"2024-05-20T10:04:33","date_gmt":"2024-05-20T08:04:33","guid":{"rendered":"http:\/\/ffw-neuhaus.de\/?p=4562"},"modified":"2024-05-20T10:04:33","modified_gmt":"2024-05-20T08:04:33","slug":"ehrenkommandant-bergler-wird-75","status":"publish","type":"post","link":"http:\/\/ffw-neuhaus.de\/?p=4562","title":{"rendered":"Ehrenkommandant Bergler wird 75"},"content":{"rendered":"\n<p>Zu seinem 75. Geburtstag konnten wir unserem Ehrenkommandant Alfons Bergler am vergangenen Wochenende gratulieren. Neben einem kleinen Pr\u00e4sent engagierten wir noch einen Teil der Neuhauser Boum um dem Alfons das ein oder andere St\u00e4ndchen vorzutragen. Anschlie\u00dfend lie\u00dfen wir zusammen den Abend bei Brotzeit und Haustrunk gem\u00fctlich ausklingen. <\/p>\n\n\n\n<figure class=\"wp-block-gallery has-nested-images columns-default is-cropped wp-block-gallery-1 is-layout-flex wp-block-gallery-is-layout-flex\">\n<figure class=\"wp-block-image size-large is-style-default\"><img loading=\"lazy\" decoding=\"async\" width=\"1024\" height=\"768\" data-id=\"4561\" src=\"http:\/\/ffw-neuhaus.de\/wordpress\/wp-content\/uploads\/2024\/05\/FWNeuhaus_Bergler_75-1024x768.jpg\" alt=\"\" class=\"wp-image-4561\" srcset=\"http:\/\/ffw-neuhaus.de\/wordpress\/wp-content\/uploads\/2024\/05\/FWNeuhaus_Bergler_75-1024x768.jpg 1024w, http:\/\/ffw-neuhaus.de\/wordpress\/wp-content\/uploads\/2024\/05\/FWNeuhaus_Bergler_75-300x225.jpg 300w, http:\/\/ffw-neuhaus.de\/wordpress\/wp-content\/uploads\/2024\/05\/FWNeuhaus_Bergler_75-768x576.jpg 768w, http:\/\/ffw-neuhaus.de\/wordpress\/wp-content\/uploads\/2024\/05\/FWNeuhaus_Bergler_75-1536x1152.jpg 1536w, http:\/\/ffw-neuhaus.de\/wordpress\/wp-content\/uploads\/2024\/05\/FWNeuhaus_Bergler_75-400x300.jpg 400w, http:\/\/ffw-neuhaus.de\/wordpress\/wp-content\/uploads\/2024\/05\/FWNeuhaus_Bergler_75.jpg 2048w\" sizes=\"auto, (max-width: 1024px) 100vw, 1024px\" \/><\/figure>\n<\/figure>\n\n\n\n<p>Wir w\u00fcnschen nur das Beste und viel Gesundheit zum 75. Geburtstag. <\/p>\n","protected":false},"excerpt":{"rendered":"<p>Zu seinem 75. Geburtstag konnten wir unserem Ehrenkommandant Alfons Bergler am vergangenen Wochenende gratulieren. Neben einem kleinen Pr\u00e4sent engagierten wir noch einen Teil der Neuhauser Boum um dem Alfons das ein oder andere St\u00e4ndchen vorzutragen. Anschlie\u00dfend lie\u00dfen wir zusammen den &hellip; <a href=\"http:\/\/ffw-neuhaus.de\/?p=4562\">Weiterlesen <span class=\"meta-nav\">&rarr;<\/span><\/a><\/p>\n","protected":false},"author":2,"featured_media":0,"comment_status":"closed","ping_status":"closed","sticky":false,"template":"","format":"standard","meta":{"footnotes":""},"categories":[11],"tags":[],"class_list":["post-4562","post","type-post","status-publish","format-standard","hentry","category-aktuelles"],"_links":{"self":[{"href":"http:\/\/ffw-neuhaus.de\/index.php?rest_route=\/wp\/v2\/posts\/4562","targetHints":{"allow":["GET"]}}],"collection":[{"href":"http:\/\/ffw-neuhaus.de\/index.php?rest_route=\/wp\/v2\/posts"}],"about":[{"href":"http:\/\/ffw-neuhaus.de\/index.php?rest_route=\/wp\/v2\/types\/post"}],"author":[{"embeddable":true,"href":"http:\/\/ffw-neuhaus.de\/index.php?rest_route=\/wp\/v2\/users\/2"}],"replies":[{"embeddable":true,"href":"http:\/\/ffw-neuhaus.de\/index.php?rest_route=%2Fwp%2Fv2%2Fcomments&post=4562"}],"version-history":[{"count":1,"href":"http:\/\/ffw-neuhaus.de\/index.php?rest_route=\/wp\/v2\/posts\/4562\/revisions"}],"predecessor-version":[{"id":4563,"href":"http:\/\/ffw-neuhaus.de\/index.php?rest_route=\/wp\/v2\/posts\/4562\/revisions\/4563"}],"wp:attachment":[{"href":"http:\/\/ffw-neuhaus.de\/index.php?rest_route=%2Fwp%2Fv2%2Fmedia&parent=4562"}],"wp:term":[{"taxonomy":"category","embeddable":true,"href":"http:\/\/ffw-neuhaus.de\/index.php?rest_route=%2Fwp%2Fv2%2Fcategories&post=4562"},{"taxonomy":"post_tag","embeddable":true,"href":"http:\/\/ffw-neuhaus.de\/index.php?rest_route=%2Fwp%2Fv2%2Ftags&post=4562"}],"curies":[{"name":"wp","href":"https:\/\/api.w.org\/{rel}","templated":true}]}}