{"id":4680,"date":"2024-09-29T09:26:43","date_gmt":"2024-09-29T07:26:43","guid":{"rendered":"http:\/\/ffw-neuhaus.de\/?p=4680"},"modified":"2024-10-04T09:30:32","modified_gmt":"2024-10-04T07:30:32","slug":"viel-erfahrung-bei-der-leistungspruefung-der-feuerwehr-neuhaus","status":"publish","type":"post","link":"http:\/\/ffw-neuhaus.de\/?p=4680","title":{"rendered":"Viel Erfahrung bei der Leistungspr\u00fcfung der Feuerwehr Neuhaus"},"content":{"rendered":"\n<p>Die 88. Gruppe der Feuerwehr Neuhaus legte die Leistungspr\u00fcfung \u201eGruppe im L\u00f6scheinsatz\u201c erfolgreich ab. <\/p>\n\n\n\n<figure class=\"wp-block-gallery has-nested-images columns-default is-cropped wp-block-gallery-1 is-layout-flex wp-block-gallery-is-layout-flex\">\n<figure data-wp-context=\"{&quot;imageId&quot;:&quot;69f5bc33addaa&quot;}\" data-wp-interactive=\"core\/image\" data-wp-key=\"69f5bc33addaa\" class=\"wp-block-image size-large is-style-default wp-lightbox-container\"><img loading=\"lazy\" decoding=\"async\" width=\"1024\" height=\"768\" data-wp-class--hide=\"state.isContentHidden\" data-wp-class--show=\"state.isContentVisible\" data-wp-init=\"callbacks.setButtonStyles\" data-wp-on--click=\"actions.showLightbox\" data-wp-on--load=\"callbacks.setButtonStyles\" data-wp-on-window--resize=\"callbacks.setButtonStyles\" data-id=\"4681\" src=\"http:\/\/ffw-neuhaus.de\/wordpress\/wp-content\/uploads\/2024\/10\/LstPrf_2024-1024x768.jpeg\" alt=\"\" class=\"wp-image-4681\" srcset=\"http:\/\/ffw-neuhaus.de\/wordpress\/wp-content\/uploads\/2024\/10\/LstPrf_2024-1024x768.jpeg 1024w, http:\/\/ffw-neuhaus.de\/wordpress\/wp-content\/uploads\/2024\/10\/LstPrf_2024-300x225.jpeg 300w, http:\/\/ffw-neuhaus.de\/wordpress\/wp-content\/uploads\/2024\/10\/LstPrf_2024-768x576.jpeg 768w, http:\/\/ffw-neuhaus.de\/wordpress\/wp-content\/uploads\/2024\/10\/LstPrf_2024-1536x1152.jpeg 1536w, http:\/\/ffw-neuhaus.de\/wordpress\/wp-content\/uploads\/2024\/10\/LstPrf_2024-400x300.jpeg 400w, http:\/\/ffw-neuhaus.de\/wordpress\/wp-content\/uploads\/2024\/10\/LstPrf_2024.jpeg 2000w\" sizes=\"auto, (max-width: 1024px) 100vw, 1024px\" \/><button\n\t\t\tclass=\"lightbox-trigger\"\n\t\t\ttype=\"button\"\n\t\t\taria-haspopup=\"dialog\"\n\t\t\taria-label=\"Vergr\u00f6\u00dfern\"\n\t\t\tdata-wp-init=\"callbacks.initTriggerButton\"\n\t\t\tdata-wp-on--click=\"actions.showLightbox\"\n\t\t\tdata-wp-style--right=\"state.imageButtonRight\"\n\t\t\tdata-wp-style--top=\"state.imageButtonTop\"\n\t\t>\n\t\t\t<svg xmlns=\"http:\/\/www.w3.org\/2000\/svg\" width=\"12\" height=\"12\" fill=\"none\" viewBox=\"0 0 12 12\">\n\t\t\t\t<path fill=\"#fff\" d=\"M2 0a2 2 0 0 0-2 2v2h1.5V2a.5.5 0 0 1 .5-.5h2V0H2Zm2 10.5H2a.5.5 0 0 1-.5-.5V8H0v2a2 2 0 0 0 2 2h2v-1.5ZM8 12v-1.5h2a.5.5 0 0 0 .5-.5V8H12v2a2 2 0 0 1-2 2H8Zm2-12a2 2 0 0 1 2 2v2h-1.5V2a.5.5 0 0 0-.5-.5H8V0h2Z\" \/>\n\t\t\t<\/svg>\n\t\t<\/button><\/figure>\n<\/figure>\n\n\n\n<p>Das Schiedsrichterteam Siegfried Schell, Dominik Lang und Wolfgang Schwarz bescheinigte eine routinierte und saubere Arbeitsweise und gratulierten zur bestandenen Pr\u00fcfung. Bei der Variante ohne Atemschutz mussten die Teilnehmer zun\u00e4chst ihr K\u00f6nnen in Ger\u00e4tekunde sowie Knoten und Stiche unter Beweis stellen. Danach ging es an den klassischen L\u00f6schaufbau von Wasserentnahme \u00fcber Wasserf\u00f6rderung bis zu abschlie\u00dfender \u201eBrandbek\u00e4mpfung\u201c mit einem Zeitlimit von 190 Sekunden. Kuppeln der Saugleitung und Trockensaugprobe bildeten den Abschluss. Renate Bergler erreichte die Stufe 4 (Gold-Blau). Johannes Braunschmid, Andreas Egeter, Richard Franz, Christian K\u00e4\u00df, Thomas Kreinh\u00f6fner, Clemens Sch\u00f6nberger und Christian Windschiegl absolvierten erstmals erfolgreich das Abzeichen BFV 1 (\u00dc40). Valentin Michl sprang kurzfristig aufgrund eines krankheitsbedingten Ausfalls ein. Dritte B\u00fcrgermeisterin Brigitte Kreinh\u00f6fner und stellvertetender Feuerschutzreferent Heinz Uhl waren bei der Abnahme der Leistungspr\u00fcfung mit vor Ort. Kommandant Fabian Zetzl bescheinigte dem Team Anerkennung f\u00fcr die Umsetzung dessen, was man eine Woche lang mit den Ausbildern Reinhard Michl und Michael Giel ge\u00fcbt hatte<\/p>\n","protected":false},"excerpt":{"rendered":"<p>Die 88. Gruppe der Feuerwehr Neuhaus legte die Leistungspr\u00fcfung \u201eGruppe im L\u00f6scheinsatz\u201c erfolgreich ab. Das Schiedsrichterteam Siegfried Schell, Dominik Lang und Wolfgang Schwarz bescheinigte eine routinierte und saubere Arbeitsweise und gratulierten zur bestandenen Pr\u00fcfung. Bei der Variante ohne Atemschutz mussten &hellip; <a href=\"http:\/\/ffw-neuhaus.de\/?p=4680\">Weiterlesen <span class=\"meta-nav\">&rarr;<\/span><\/a><\/p>\n","protected":false},"author":2,"featured_media":0,"comment_status":"closed","ping_status":"closed","sticky":false,"template":"","format":"standard","meta":{"footnotes":""},"categories":[12,11],"tags":[],"class_list":["post-4680","post","type-post","status-publish","format-standard","hentry","category-uebung","category-aktuelles"],"_links":{"self":[{"href":"http:\/\/ffw-neuhaus.de\/index.php?rest_route=\/wp\/v2\/posts\/4680","targetHints":{"allow":["GET"]}}],"collection":[{"href":"http:\/\/ffw-neuhaus.de\/index.php?rest_route=\/wp\/v2\/posts"}],"about":[{"href":"http:\/\/ffw-neuhaus.de\/index.php?rest_route=\/wp\/v2\/types\/post"}],"author":[{"embeddable":true,"href":"http:\/\/ffw-neuhaus.de\/index.php?rest_route=\/wp\/v2\/users\/2"}],"replies":[{"embeddable":true,"href":"http:\/\/ffw-neuhaus.de\/index.php?rest_route=%2Fwp%2Fv2%2Fcomments&post=4680"}],"version-history":[{"count":1,"href":"http:\/\/ffw-neuhaus.de\/index.php?rest_route=\/wp\/v2\/posts\/4680\/revisions"}],"predecessor-version":[{"id":4682,"href":"http:\/\/ffw-neuhaus.de\/index.php?rest_route=\/wp\/v2\/posts\/4680\/revisions\/4682"}],"wp:attachment":[{"href":"http:\/\/ffw-neuhaus.de\/index.php?rest_route=%2Fwp%2Fv2%2Fmedia&parent=4680"}],"wp:term":[{"taxonomy":"category","embeddable":true,"href":"http:\/\/ffw-neuhaus.de\/index.php?rest_route=%2Fwp%2Fv2%2Fcategories&post=4680"},{"taxonomy":"post_tag","embeddable":true,"href":"http:\/\/ffw-neuhaus.de\/index.php?rest_route=%2Fwp%2Fv2%2Ftags&post=4680"}],"curies":[{"name":"wp","href":"https:\/\/api.w.org\/{rel}","templated":true}]}}