{"id":4683,"date":"2024-10-04T09:33:55","date_gmt":"2024-10-04T07:33:55","guid":{"rendered":"http:\/\/ffw-neuhaus.de\/?p=4683"},"modified":"2024-10-04T09:33:55","modified_gmt":"2024-10-04T07:33:55","slug":"herausragende-leistung-40-jahre-feuerwehrdienst","status":"publish","type":"post","link":"http:\/\/ffw-neuhaus.de\/?p=4683","title":{"rendered":"Herausragende Leistung: 40 Jahre Feuerwehrdienst"},"content":{"rendered":"\n<p>Beim Ehrenabend der Stadt Windischeschenbach stand die Verleihung der Ehrenzeichen des Freistaats an Aktive der Stadtfeuerwehren f\u00fcr 40 Jahre und 25 Jahre aktiven Dienst im Gasthof \u201eWaldnaabtal\u201d in Neuhaus auf dem Programm. B\u00fcrgermeister Karlheinz Budnik sprach von herausragenden Leistungen der Aktiven, die unz\u00e4hlige Stunden zum Schutz der Mitmenschen eingebracht und hierbei ihre eigenen Interessen zur\u00fcckgestellt haben.<\/p>\n\n\n\n<figure class=\"wp-block-gallery has-nested-images columns-default is-cropped wp-block-gallery-1 is-layout-flex wp-block-gallery-is-layout-flex\">\n<figure data-wp-context=\"{&quot;imageId&quot;:&quot;69f5be167e36c&quot;}\" data-wp-interactive=\"core\/image\" data-wp-key=\"69f5be167e36c\" class=\"wp-block-image size-large is-style-default wp-lightbox-container\"><img loading=\"lazy\" decoding=\"async\" width=\"1024\" height=\"683\" data-wp-class--hide=\"state.isContentHidden\" data-wp-class--show=\"state.isContentVisible\" data-wp-init=\"callbacks.setButtonStyles\" data-wp-on--click=\"actions.showLightbox\" data-wp-on--load=\"callbacks.setButtonStyles\" data-wp-on-window--resize=\"callbacks.setButtonStyles\" data-id=\"4685\" src=\"http:\/\/ffw-neuhaus.de\/wordpress\/wp-content\/uploads\/2024\/10\/StaatlEhrung_2024-1024x683.jpeg\" alt=\"\" class=\"wp-image-4685\" srcset=\"http:\/\/ffw-neuhaus.de\/wordpress\/wp-content\/uploads\/2024\/10\/StaatlEhrung_2024-1024x683.jpeg 1024w, http:\/\/ffw-neuhaus.de\/wordpress\/wp-content\/uploads\/2024\/10\/StaatlEhrung_2024-300x200.jpeg 300w, http:\/\/ffw-neuhaus.de\/wordpress\/wp-content\/uploads\/2024\/10\/StaatlEhrung_2024-768x512.jpeg 768w, http:\/\/ffw-neuhaus.de\/wordpress\/wp-content\/uploads\/2024\/10\/StaatlEhrung_2024-1536x1024.jpeg 1536w, http:\/\/ffw-neuhaus.de\/wordpress\/wp-content\/uploads\/2024\/10\/StaatlEhrung_2024-450x300.jpeg 450w, http:\/\/ffw-neuhaus.de\/wordpress\/wp-content\/uploads\/2024\/10\/StaatlEhrung_2024.jpeg 1920w\" sizes=\"auto, (max-width: 1024px) 100vw, 1024px\" \/><button\n\t\t\tclass=\"lightbox-trigger\"\n\t\t\ttype=\"button\"\n\t\t\taria-haspopup=\"dialog\"\n\t\t\taria-label=\"Vergr\u00f6\u00dfern\"\n\t\t\tdata-wp-init=\"callbacks.initTriggerButton\"\n\t\t\tdata-wp-on--click=\"actions.showLightbox\"\n\t\t\tdata-wp-style--right=\"state.imageButtonRight\"\n\t\t\tdata-wp-style--top=\"state.imageButtonTop\"\n\t\t>\n\t\t\t<svg xmlns=\"http:\/\/www.w3.org\/2000\/svg\" width=\"12\" height=\"12\" fill=\"none\" viewBox=\"0 0 12 12\">\n\t\t\t\t<path fill=\"#fff\" d=\"M2 0a2 2 0 0 0-2 2v2h1.5V2a.5.5 0 0 1 .5-.5h2V0H2Zm2 10.5H2a.5.5 0 0 1-.5-.5V8H0v2a2 2 0 0 0 2 2h2v-1.5ZM8 12v-1.5h2a.5.5 0 0 0 .5-.5V8H12v2a2 2 0 0 1-2 2H8Zm2-12a2 2 0 0 1 2 2v2h-1.5V2a.5.5 0 0 0-.5-.5H8V0h2Z\" \/>\n\t\t\t<\/svg>\n\t\t<\/button><\/figure>\n<\/figure>\n\n\n\n<p>Landrat Andreas Meier nahm die Ehrung zusammen mit Kreisbrandrat Marco Saller vor. Meier betonte, dass dieser Ehrenabend ein Kontrast zu den Meldungen von Anfeindungen gegen\u00fcber Rettungskr\u00e4ften sei. Vier Jahrzehnte im Dienst der Feuerwehr w\u00fcrden ein Zeichen daf\u00fcr sein, dass es eine Basis gebe zwischen Aktiven und Kommune.<\/p>\n\n\n\n<p>Kreisbrandrat Saller, Chef von 113 Feuerwehren und zwei Werksfeuerwehren, bezeichnete die Aktiven als qualifizierte Garanten f\u00fcr schnelle Hilfe in Notlagen. Er sprach auch die Tatsache an, dass mit der Novellierung des Bayerischen Feuerwehrgesetzes das Austrittsalter f\u00fcr Aktive auf 67 Jahre hochgesetzt werde. Gerade deren Erfahrung sei ein gewaltiges Pfund.<\/p>\n\n\n\n<p>Der Feuerwehrreferent der Stadt Windischeschenbach Thomas Wilhelm betonte, dass all die gro\u00dfen Investitionen der Stadt in die Feuerwehren im Sande verlaufen w\u00fcrden, st\u00fcnden hier nicht Aktive, die mit dem zur Verf\u00fcgung gestellten Ger\u00e4t ihren Schutzauftrag gew\u00e4hrleisten.<\/p>\n\n\n\n<p>Feuerwehrehrenzeichen des Freistaates in Silber f\u00fcr 25 Jahre aktiven Dienst erhielten: Christian M\u00fcnchmeier (Feuerwehr Windischeschenbach), Johannes Eibl (Neuhaus), Stefan Vollath (Bernstein), Daniel Tretter (Naabdemenreuth). Ehrenzeichen Gold f\u00fcr 40 Jahre aktive Dienstzeit: Christian K\u00e4s, Thomas Kreinh\u00f6fner, Clemens Sch\u00f6nberger, Harald Windschiegl, Andreas Bogner (Feuerwehr Neuhaus), Karlheinz Budnik (Bernstein). Die f\u00fcr 40 Jahre Geehrten erhielten als besonderes Geschenk einen einw\u00f6chigen Aufenthalt mit Partner im Feuerwehrheim Bayrisch Gmain.<\/p>\n\n\n\n<p>Quelle Text + Bild: https:\/\/beiunsdaheim.de<\/p>\n","protected":false},"excerpt":{"rendered":"<p>Beim Ehrenabend der Stadt Windischeschenbach stand die Verleihung der Ehrenzeichen des Freistaats an Aktive der Stadtfeuerwehren f\u00fcr 40 Jahre und 25 Jahre aktiven Dienst im Gasthof \u201eWaldnaabtal\u201d in Neuhaus auf dem Programm. B\u00fcrgermeister Karlheinz Budnik sprach von herausragenden Leistungen der &hellip; <a href=\"http:\/\/ffw-neuhaus.de\/?p=4683\">Weiterlesen <span class=\"meta-nav\">&rarr;<\/span><\/a><\/p>\n","protected":false},"author":2,"featured_media":0,"comment_status":"closed","ping_status":"closed","sticky":false,"template":"","format":"standard","meta":{"footnotes":""},"categories":[12,11],"tags":[],"class_list":["post-4683","post","type-post","status-publish","format-standard","hentry","category-uebung","category-aktuelles"],"_links":{"self":[{"href":"http:\/\/ffw-neuhaus.de\/index.php?rest_route=\/wp\/v2\/posts\/4683","targetHints":{"allow":["GET"]}}],"collection":[{"href":"http:\/\/ffw-neuhaus.de\/index.php?rest_route=\/wp\/v2\/posts"}],"about":[{"href":"http:\/\/ffw-neuhaus.de\/index.php?rest_route=\/wp\/v2\/types\/post"}],"author":[{"embeddable":true,"href":"http:\/\/ffw-neuhaus.de\/index.php?rest_route=\/wp\/v2\/users\/2"}],"replies":[{"embeddable":true,"href":"http:\/\/ffw-neuhaus.de\/index.php?rest_route=%2Fwp%2Fv2%2Fcomments&post=4683"}],"version-history":[{"count":1,"href":"http:\/\/ffw-neuhaus.de\/index.php?rest_route=\/wp\/v2\/posts\/4683\/revisions"}],"predecessor-version":[{"id":4686,"href":"http:\/\/ffw-neuhaus.de\/index.php?rest_route=\/wp\/v2\/posts\/4683\/revisions\/4686"}],"wp:attachment":[{"href":"http:\/\/ffw-neuhaus.de\/index.php?rest_route=%2Fwp%2Fv2%2Fmedia&parent=4683"}],"wp:term":[{"taxonomy":"category","embeddable":true,"href":"http:\/\/ffw-neuhaus.de\/index.php?rest_route=%2Fwp%2Fv2%2Fcategories&post=4683"},{"taxonomy":"post_tag","embeddable":true,"href":"http:\/\/ffw-neuhaus.de\/index.php?rest_route=%2Fwp%2Fv2%2Ftags&post=4683"}],"curies":[{"name":"wp","href":"https:\/\/api.w.org\/{rel}","templated":true}]}}