{"id":4752,"date":"2025-01-31T10:29:29","date_gmt":"2025-01-31T09:29:29","guid":{"rendered":"http:\/\/ffw-neuhaus.de\/?p=4752"},"modified":"2025-01-31T10:39:43","modified_gmt":"2025-01-31T09:39:43","slug":"jahrshauptversammlung-2025","status":"publish","type":"post","link":"http:\/\/ffw-neuhaus.de\/?p=4752","title":{"rendered":"Neue Satzung, neuer Ehrenkommandant."},"content":{"rendered":"\n<p class=\"has-small-font-size\">Neben der Satzungs\u00e4nderung wird auch ein neuer Ehrenkommandant ernannt<\/p>\n\n\n\n<p>Zur Jahreshauptversammlung der FFW Neuhaus begr\u00fc\u00dfte 1. Vorstand Christian Windschiegl die zahlreich erschienenen Mitglieder sowie G\u00e4ste des Vereins im Lingl-Saal. Die Feuerwehr Neuhaus verzeichnet erneut einen Zuwachs und kann auf eine stolze Zahl von 141 Mitgliedern blicken.<\/p>\n\n\n\n<p>Im Jahr 2024 wurden weitere Anschaffungen f\u00fcr das neue Ger\u00e4tehaus get\u00e4tigt sowie die Inneneinrichtung fertiggestellt. Windschiegl kann auch wieder \u00fcber ein aktives Vereinsleben der Neuhauser Wehr im vergangenen Jahr berichten. Ein Highlight war die Premiere des Feuerwehrhausfasching im neuen Ger\u00e4tehaus. Das Maibaumfest sowie das Banklfest f\u00fcr alle Mitglieder sorgten f\u00fcr ein gem\u00fctliches Beisammensein im Ort und Verein.&nbsp;<\/p>\n\n\n\n<p>Das Banklfest mit einer berauschenden EM-Party war im Sommer ein besonderes Highlight am neuen Ger\u00e4tehaus.&nbsp;Als Jahresabschluss nannte Windschiegl das Gl\u00fchweinfest am Marktpodest. Bei weihnachtlichem Flair fanden sich bereits am Nachmittag zahlreiche G\u00e4ste bei kalten und hei\u00dfen Getr\u00e4nken sowie weiteren Leckereien an der Feuertonnen am Marktplatz ein.<\/p>\n\n\n\n<p>Stellvertretender Vorstand Fabian K\u00fchnl hatte zum <strong>20-j\u00e4hrigen Jubil\u00e4um des 1. Vorstands Christian Windschiegl <\/strong>eine kleine \u00dcberraschung parat. Windschiegl geht nach langj\u00e4hriger Vereinsf\u00fchrung in das letzte Jahr seiner Amtszeit.<\/p>\n\n\n\n<p>Zum ersten Mal durfte der neue Kommandant Fabian Zetzl seinen Bericht der Mitgliederversammlung pr\u00e4sentieren. Im Berichtsjahr 2024 r\u00fcckten die Neuhauser Kameraden zu 55 Eins\u00e4tzen aus. Die Eins\u00e4tze auf der Autobahn bleiben der Einsatzschwerpunkt der Neuhauser Wehr. Somit konnte im Jahr 2024 auch ein neuer gebrauchter Verkehrssicherungsanh\u00e4nger in Dienst gestellt, der in kompletter Eigenregie erneuert wurde.\u00a0<\/p>\n\n\n\n<p>Besonders freute sich Zetzl f\u00fcnf neue Nachwuchskr\u00e4fte per Handschlag in die Wehr aufnehmen zu k\u00f6nnen.\u00a0Geehrt f\u00fcr 40 Jahre aktive Dienstzeit wurden Matthias Sch\u00f6nberger und Thomas Wilhlem, f\u00fcr 25 Jahre Johannes Sperr und f\u00fcr 20 Jahre Tobias Bergler, Thomas Neugirg, Florian Mayer und Michael Giehl.\u00a0Auch kann mit Richard Franz ein Feuerwehrmann mit 50 Jahren aktiver Dienstzeit geehrt werden. <\/p>\n\n\n\n<p>Zum Feuerwehrmann wurde Neugirg Luan, Sperber Konrad und Tretter Philipp , zum Hauptfeuerwehrmann Sebastian Bergler bef\u00f6rdert, <\/p>\n\n\n\n<p>Zum Abschluss seines Berichts nahm Zetzl noch eine besondere Ehrung vor.<\/p>\n\n\n\n<p><strong>Andreas Bogner nun Ehrenkommandant&nbsp;<\/strong><\/p>\n\n\n\n<p>Kommandant Zetzl beschreibt den im letzten Jahr zur\u00fcckgetretenen Andreas Bogner als seinen Ziehvater in der Feuerwehr. Die lange Karriere in der aktiven Wehr veranlasste dazu, den ehemaligen <strong>Kommandanten Bogner zum Ehrenkommandant und Ehrenmitglied<\/strong> der FFW Neuhaus zu ernennen. Bogner war in seiner Amtszeit unter anderem ma\u00dfgeblich an der Beschaffung von zwei neuen Einsatzfahrzeugen sowie den Neubau des Feuerwehrger\u00e4thauses beteiligt. Zetzl spricht von einem \u201eKommandant wie im Bilderbuch\u201c.<\/p>\n\n\n\n<p><strong>Anpassung Satzung<\/strong><\/p>\n\n\n\n<p>Ein weiterer wichtiger Punkt auf der Tagesordnung des Abends war eine Satzungs\u00e4nderung. Diese war nach letztmaliger Anpassung im Jahr 1993 \u00fcberf\u00e4llig geworden. Die \u00dcberarbeitung wurde durch Johannes Eibl in Anlehnung an die Vorlage des Landesfeuerwehrverbandes Bayern vorgenommen.<\/p>\n\n\n\n<p>S\u00e4mtliche \u00c4nderungen wurden der Mitgliederversammlung pr\u00e4sentiert. Der eine oder andere Punkt f\u00fchrt am Abend zu hitzigen Diskussionen. Am Ende konnte aber die neue Satzung mit einem einstimmigen Beschluss in die Umsetzung gebracht werden. Diese kann nun voraussichtlich&nbsp;nach Best\u00e4tigung vom Registergerichtzum 1. M\u00e4rz in Kraft treten.<\/p>\n\n\n\n<p>Auch f\u00fcr das Jahr 2025 stehen wieder H\u00f6hepunkte sowohl im Verein als auch in der aktiven Wehr bevor. So ist f\u00fcr 2025 neben den \u00fcblichen Veranstaltungen ein Vereinsausflug nach Regensburg in Haus der Bayrischen Geschichte geplant. Kommandant Zetzl k\u00fcndigt eine \u00dcbung mit einem M\u00e4hdrescher an.<\/p>\n\n\n\n<figure class=\"wp-block-gallery has-nested-images columns-default is-cropped wp-block-gallery-1 is-layout-flex wp-block-gallery-is-layout-flex\">\n<figure class=\"wp-block-image size-large\"><a href=\"http:\/\/ffw-neuhaus.de\/wordpress\/wp-content\/uploads\/2025\/01\/IMG-20250124-WA0038.jpg\"><img loading=\"lazy\" decoding=\"async\" width=\"1024\" height=\"768\" data-id=\"4751\" src=\"http:\/\/ffw-neuhaus.de\/wordpress\/wp-content\/uploads\/2025\/01\/IMG-20250124-WA0038-1024x768.jpg\" alt=\"\" class=\"wp-image-4751\" srcset=\"http:\/\/ffw-neuhaus.de\/wordpress\/wp-content\/uploads\/2025\/01\/IMG-20250124-WA0038-1024x768.jpg 1024w, http:\/\/ffw-neuhaus.de\/wordpress\/wp-content\/uploads\/2025\/01\/IMG-20250124-WA0038-300x225.jpg 300w, http:\/\/ffw-neuhaus.de\/wordpress\/wp-content\/uploads\/2025\/01\/IMG-20250124-WA0038-768x576.jpg 768w, http:\/\/ffw-neuhaus.de\/wordpress\/wp-content\/uploads\/2025\/01\/IMG-20250124-WA0038-1536x1152.jpg 1536w, http:\/\/ffw-neuhaus.de\/wordpress\/wp-content\/uploads\/2025\/01\/IMG-20250124-WA0038-400x300.jpg 400w, http:\/\/ffw-neuhaus.de\/wordpress\/wp-content\/uploads\/2025\/01\/IMG-20250124-WA0038.jpg 2000w\" sizes=\"auto, (max-width: 1024px) 100vw, 1024px\" \/><\/a><\/figure>\n\n\n\n<figure class=\"wp-block-image size-large\"><a href=\"http:\/\/ffw-neuhaus.de\/wordpress\/wp-content\/uploads\/2025\/01\/IMG-20250124-WA0015.jpg\"><img loading=\"lazy\" decoding=\"async\" width=\"1024\" height=\"768\" data-id=\"4750\" src=\"http:\/\/ffw-neuhaus.de\/wordpress\/wp-content\/uploads\/2025\/01\/IMG-20250124-WA0015-1024x768.jpg\" alt=\"\" class=\"wp-image-4750\" srcset=\"http:\/\/ffw-neuhaus.de\/wordpress\/wp-content\/uploads\/2025\/01\/IMG-20250124-WA0015-1024x768.jpg 1024w, http:\/\/ffw-neuhaus.de\/wordpress\/wp-content\/uploads\/2025\/01\/IMG-20250124-WA0015-300x225.jpg 300w, http:\/\/ffw-neuhaus.de\/wordpress\/wp-content\/uploads\/2025\/01\/IMG-20250124-WA0015-768x576.jpg 768w, http:\/\/ffw-neuhaus.de\/wordpress\/wp-content\/uploads\/2025\/01\/IMG-20250124-WA0015-1536x1152.jpg 1536w, http:\/\/ffw-neuhaus.de\/wordpress\/wp-content\/uploads\/2025\/01\/IMG-20250124-WA0015-400x300.jpg 400w, http:\/\/ffw-neuhaus.de\/wordpress\/wp-content\/uploads\/2025\/01\/IMG-20250124-WA0015.jpg 2000w\" sizes=\"auto, (max-width: 1024px) 100vw, 1024px\" \/><\/a><\/figure>\n<\/figure>\n","protected":false},"excerpt":{"rendered":"<p>Neben der Satzungs\u00e4nderung wird auch ein neuer Ehrenkommandant ernannt Zur Jahreshauptversammlung der FFW Neuhaus begr\u00fc\u00dfte 1. Vorstand Christian Windschiegl die zahlreich erschienenen Mitglieder sowie G\u00e4ste des Vereins im Lingl-Saal. Die Feuerwehr Neuhaus verzeichnet erneut einen Zuwachs und kann auf eine &hellip; <a href=\"http:\/\/ffw-neuhaus.de\/?p=4752\">Weiterlesen <span class=\"meta-nav\">&rarr;<\/span><\/a><\/p>\n","protected":false},"author":2,"featured_media":0,"comment_status":"closed","ping_status":"closed","sticky":false,"template":"","format":"standard","meta":{"footnotes":""},"categories":[11,1],"tags":[],"class_list":["post-4752","post","type-post","status-publish","format-standard","hentry","category-aktuelles","category-allgemein"],"_links":{"self":[{"href":"http:\/\/ffw-neuhaus.de\/index.php?rest_route=\/wp\/v2\/posts\/4752","targetHints":{"allow":["GET"]}}],"collection":[{"href":"http:\/\/ffw-neuhaus.de\/index.php?rest_route=\/wp\/v2\/posts"}],"about":[{"href":"http:\/\/ffw-neuhaus.de\/index.php?rest_route=\/wp\/v2\/types\/post"}],"author":[{"embeddable":true,"href":"http:\/\/ffw-neuhaus.de\/index.php?rest_route=\/wp\/v2\/users\/2"}],"replies":[{"embeddable":true,"href":"http:\/\/ffw-neuhaus.de\/index.php?rest_route=%2Fwp%2Fv2%2Fcomments&post=4752"}],"version-history":[{"count":3,"href":"http:\/\/ffw-neuhaus.de\/index.php?rest_route=\/wp\/v2\/posts\/4752\/revisions"}],"predecessor-version":[{"id":4755,"href":"http:\/\/ffw-neuhaus.de\/index.php?rest_route=\/wp\/v2\/posts\/4752\/revisions\/4755"}],"wp:attachment":[{"href":"http:\/\/ffw-neuhaus.de\/index.php?rest_route=%2Fwp%2Fv2%2Fmedia&parent=4752"}],"wp:term":[{"taxonomy":"category","embeddable":true,"href":"http:\/\/ffw-neuhaus.de\/index.php?rest_route=%2Fwp%2Fv2%2Fcategories&post=4752"},{"taxonomy":"post_tag","embeddable":true,"href":"http:\/\/ffw-neuhaus.de\/index.php?rest_route=%2Fwp%2Fv2%2Ftags&post=4752"}],"curies":[{"name":"wp","href":"https:\/\/api.w.org\/{rel}","templated":true}]}}