{"id":4760,"date":"2025-02-17T15:26:01","date_gmt":"2025-02-17T14:26:01","guid":{"rendered":"http:\/\/ffw-neuhaus.de\/?p=4760"},"modified":"2025-02-17T15:26:17","modified_gmt":"2025-02-17T14:26:17","slug":"04-13-02-2025-brand-3-garage","status":"publish","type":"post","link":"http:\/\/ffw-neuhaus.de\/?p=4760","title":{"rendered":"#05 \u2013 13.02.2025 \u2013 Brand 3 \u2013 Garage"},"content":{"rendered":"\n<p><strong>Datum:<\/strong>\u00a013.02.2025<br><strong>Uhrzeit:<\/strong>\u00a017:58 Uhr<br><strong>Ort:<\/strong>\u00a0Windischeschenbach<br><strong>Mannschaft:<\/strong>\u00a01\/16<br><strong>Meldung:<\/strong>\u00a0Garage im Vollbrand<br><strong>Eingesetzte Fahrzeuge:<\/strong>\u00a0LF10, MTW<br><strong>Einsatzende:<\/strong>\u00a022:15 Uhr<br><strong>Alarmierte Feuerwehren:<\/strong>\u00a0Neuhaus, Neustadt\/WN, Dietersdorf, Wurz, Windischeschenbach, Wildenreuth, Kirchendemenreuth<\/p>\n\n\n\n<p>Es stand eine Garage in Vollbrand. Wir unterst\u00fctzten im Innenangriff mit einem PA-Trupp. Im Verlauf des Einsatzes wurde die Wasserversorgung der DLK \u00fcbernommen. Ein Trupp \u00fcbernahm die \u00d6ffnung der Dachhaut \u00fcber die DLK. Wir kontrollierten und bel\u00fcfteten das Nachbargeb\u00e4ude. Ein weiterer PA-Tr\u00e4ger \u00fcbernahm sp\u00e4ter die Demontage der Blechverkleidung um Glutnester zu beseitigen. <\/p>\n\n\n\n<figure class=\"wp-block-gallery has-nested-images columns-default is-cropped wp-block-gallery-1 is-layout-flex wp-block-gallery-is-layout-flex\">\n<figure class=\"wp-block-image size-large\"><a href=\"http:\/\/ffw-neuhaus.de\/wordpress\/wp-content\/uploads\/2025\/02\/Einsatz_20250213_2_w.jpg\"><img loading=\"lazy\" decoding=\"async\" width=\"650\" height=\"868\" data-id=\"4761\" src=\"http:\/\/ffw-neuhaus.de\/wordpress\/wp-content\/uploads\/2025\/02\/Einsatz_20250213_2_w.jpg\" alt=\"\" class=\"wp-image-4761\" srcset=\"http:\/\/ffw-neuhaus.de\/wordpress\/wp-content\/uploads\/2025\/02\/Einsatz_20250213_2_w.jpg 650w, http:\/\/ffw-neuhaus.de\/wordpress\/wp-content\/uploads\/2025\/02\/Einsatz_20250213_2_w-225x300.jpg 225w\" sizes=\"auto, (max-width: 650px) 100vw, 650px\" \/><\/a><\/figure>\n\n\n\n<figure class=\"wp-block-image size-large\"><a href=\"http:\/\/ffw-neuhaus.de\/wordpress\/wp-content\/uploads\/2025\/02\/Einsatz_20250213_7_w.jpg\"><img loading=\"lazy\" decoding=\"async\" width=\"768\" height=\"1024\" data-id=\"4762\" src=\"http:\/\/ffw-neuhaus.de\/wordpress\/wp-content\/uploads\/2025\/02\/Einsatz_20250213_7_w-768x1024.jpg\" alt=\"\" class=\"wp-image-4762\" srcset=\"http:\/\/ffw-neuhaus.de\/wordpress\/wp-content\/uploads\/2025\/02\/Einsatz_20250213_7_w-768x1024.jpg 768w, http:\/\/ffw-neuhaus.de\/wordpress\/wp-content\/uploads\/2025\/02\/Einsatz_20250213_7_w-225x300.jpg 225w, http:\/\/ffw-neuhaus.de\/wordpress\/wp-content\/uploads\/2025\/02\/Einsatz_20250213_7_w-1152x1536.jpg 1152w, http:\/\/ffw-neuhaus.de\/wordpress\/wp-content\/uploads\/2025\/02\/Einsatz_20250213_7_w.jpg 1500w\" sizes=\"auto, (max-width: 768px) 100vw, 768px\" \/><\/a><\/figure>\n<\/figure>\n","protected":false},"excerpt":{"rendered":"<p>Datum:\u00a013.02.2025Uhrzeit:\u00a017:58 UhrOrt:\u00a0WindischeschenbachMannschaft:\u00a01\/16Meldung:\u00a0Garage im VollbrandEingesetzte Fahrzeuge:\u00a0LF10, MTWEinsatzende:\u00a022:15 UhrAlarmierte Feuerwehren:\u00a0Neuhaus, Neustadt\/WN, Dietersdorf, Wurz, Windischeschenbach, Wildenreuth, Kirchendemenreuth Es stand eine Garage in Vollbrand. Wir unterst\u00fctzten im Innenangriff mit einem PA-Trupp. Im Verlauf des Einsatzes wurde die Wasserversorgung der DLK \u00fcbernommen. Ein Trupp \u00fcbernahm &hellip; <a href=\"http:\/\/ffw-neuhaus.de\/?p=4760\">Weiterlesen <span class=\"meta-nav\">&rarr;<\/span><\/a><\/p>\n","protected":false},"author":2,"featured_media":0,"comment_status":"closed","ping_status":"closed","sticky":false,"template":"","format":"standard","meta":{"footnotes":""},"categories":[16,35],"tags":[],"class_list":["post-4760","post","type-post","status-publish","format-standard","hentry","category-einsaetze","category-einsaetze-2025"],"_links":{"self":[{"href":"http:\/\/ffw-neuhaus.de\/index.php?rest_route=\/wp\/v2\/posts\/4760","targetHints":{"allow":["GET"]}}],"collection":[{"href":"http:\/\/ffw-neuhaus.de\/index.php?rest_route=\/wp\/v2\/posts"}],"about":[{"href":"http:\/\/ffw-neuhaus.de\/index.php?rest_route=\/wp\/v2\/types\/post"}],"author":[{"embeddable":true,"href":"http:\/\/ffw-neuhaus.de\/index.php?rest_route=\/wp\/v2\/users\/2"}],"replies":[{"embeddable":true,"href":"http:\/\/ffw-neuhaus.de\/index.php?rest_route=%2Fwp%2Fv2%2Fcomments&post=4760"}],"version-history":[{"count":2,"href":"http:\/\/ffw-neuhaus.de\/index.php?rest_route=\/wp\/v2\/posts\/4760\/revisions"}],"predecessor-version":[{"id":4764,"href":"http:\/\/ffw-neuhaus.de\/index.php?rest_route=\/wp\/v2\/posts\/4760\/revisions\/4764"}],"wp:attachment":[{"href":"http:\/\/ffw-neuhaus.de\/index.php?rest_route=%2Fwp%2Fv2%2Fmedia&parent=4760"}],"wp:term":[{"taxonomy":"category","embeddable":true,"href":"http:\/\/ffw-neuhaus.de\/index.php?rest_route=%2Fwp%2Fv2%2Fcategories&post=4760"},{"taxonomy":"post_tag","embeddable":true,"href":"http:\/\/ffw-neuhaus.de\/index.php?rest_route=%2Fwp%2Fv2%2Ftags&post=4760"}],"curies":[{"name":"wp","href":"https:\/\/api.w.org\/{rel}","templated":true}]}}