{"id":4812,"date":"2025-05-22T17:00:00","date_gmt":"2025-05-22T15:00:00","guid":{"rendered":"http:\/\/ffw-neuhaus.de\/?p=4812"},"modified":"2025-05-22T14:12:47","modified_gmt":"2025-05-22T12:12:47","slug":"19-22-05-2025-brand-3-lkw-bus","status":"publish","type":"post","link":"http:\/\/ffw-neuhaus.de\/?p=4812","title":{"rendered":"#19 \u2013 22.05.2025 \u2013 Brand 3 \u2013 Lkw\/Bus"},"content":{"rendered":"\n<p><strong>Datum:<\/strong>\u00a022.05..2025<br><strong>Uhrzeit:<\/strong>\u00a010:36 Uhr<br><strong>Ort:<\/strong>\u00a0ST2181, H\u00f6he BAB-93, Neuhaus<br><strong>Mannschaft:<\/strong>\u00a01\/11<br><strong>Meldung:<\/strong>\u00a0M\u00e4hfahrzeug brennt<br><strong>Eingesetzte Fahrzeuge:<\/strong>\u00a0LF10, MTW,<br><strong>Einsatzende:<\/strong>\u00a018:45 Uhr<br><strong>Alarmierte Feuerwehren:<\/strong>\u00a0Neuhaus, Windischeschenbach, Dietersdorf, Wurz, Bernstein, Neustadt, <\/p>\n\n\n\n<p>In der Gr\u00fcnfl\u00e4che im Auf- und Abfahrtsbereich von der BAB-93 entz\u00fcndete sich ein M\u00e4hfahrzeug. Beim Eintreffen war der Brand bereits vom Fahrer selbst gel\u00f6scht worden. Wir kontrollierten das Fahrzeug mit der WBK und f\u00fchrten Nachl\u00f6scharbeiten durch. Weiter Einsatzkr\u00e4fte waren nicht mehr erforderlich. <\/p>\n\n\n\n<figure class=\"wp-block-image size-large\"><a href=\"http:\/\/ffw-neuhaus.de\/wordpress\/wp-content\/uploads\/2025\/05\/Einsatz_20250522_2_w.jpg\"><img loading=\"lazy\" decoding=\"async\" width=\"1024\" height=\"768\" src=\"http:\/\/ffw-neuhaus.de\/wordpress\/wp-content\/uploads\/2025\/05\/Einsatz_20250522_2_w-1024x768.jpg\" alt=\"\" class=\"wp-image-4813\" srcset=\"http:\/\/ffw-neuhaus.de\/wordpress\/wp-content\/uploads\/2025\/05\/Einsatz_20250522_2_w-1024x768.jpg 1024w, http:\/\/ffw-neuhaus.de\/wordpress\/wp-content\/uploads\/2025\/05\/Einsatz_20250522_2_w-300x225.jpg 300w, http:\/\/ffw-neuhaus.de\/wordpress\/wp-content\/uploads\/2025\/05\/Einsatz_20250522_2_w-768x576.jpg 768w, http:\/\/ffw-neuhaus.de\/wordpress\/wp-content\/uploads\/2025\/05\/Einsatz_20250522_2_w-1536x1152.jpg 1536w, http:\/\/ffw-neuhaus.de\/wordpress\/wp-content\/uploads\/2025\/05\/Einsatz_20250522_2_w-400x300.jpg 400w, http:\/\/ffw-neuhaus.de\/wordpress\/wp-content\/uploads\/2025\/05\/Einsatz_20250522_2_w.jpg 2000w\" sizes=\"auto, (max-width: 1024px) 100vw, 1024px\" \/><\/a><\/figure>\n","protected":false},"excerpt":{"rendered":"<p>Datum:\u00a022.05..2025Uhrzeit:\u00a010:36 UhrOrt:\u00a0ST2181, H\u00f6he BAB-93, NeuhausMannschaft:\u00a01\/11Meldung:\u00a0M\u00e4hfahrzeug brenntEingesetzte Fahrzeuge:\u00a0LF10, MTW,Einsatzende:\u00a018:45 UhrAlarmierte Feuerwehren:\u00a0Neuhaus, Windischeschenbach, Dietersdorf, Wurz, Bernstein, Neustadt, In der Gr\u00fcnfl\u00e4che im Auf- und Abfahrtsbereich von der BAB-93 entz\u00fcndete sich ein M\u00e4hfahrzeug. Beim Eintreffen war der Brand bereits vom Fahrer selbst gel\u00f6scht worden. &hellip; <a href=\"http:\/\/ffw-neuhaus.de\/?p=4812\">Weiterlesen <span class=\"meta-nav\">&rarr;<\/span><\/a><\/p>\n","protected":false},"author":2,"featured_media":0,"comment_status":"closed","ping_status":"closed","sticky":false,"template":"","format":"standard","meta":{"footnotes":""},"categories":[16,35],"tags":[],"class_list":["post-4812","post","type-post","status-publish","format-standard","hentry","category-einsaetze","category-einsaetze-2025"],"_links":{"self":[{"href":"http:\/\/ffw-neuhaus.de\/index.php?rest_route=\/wp\/v2\/posts\/4812","targetHints":{"allow":["GET"]}}],"collection":[{"href":"http:\/\/ffw-neuhaus.de\/index.php?rest_route=\/wp\/v2\/posts"}],"about":[{"href":"http:\/\/ffw-neuhaus.de\/index.php?rest_route=\/wp\/v2\/types\/post"}],"author":[{"embeddable":true,"href":"http:\/\/ffw-neuhaus.de\/index.php?rest_route=\/wp\/v2\/users\/2"}],"replies":[{"embeddable":true,"href":"http:\/\/ffw-neuhaus.de\/index.php?rest_route=%2Fwp%2Fv2%2Fcomments&post=4812"}],"version-history":[{"count":1,"href":"http:\/\/ffw-neuhaus.de\/index.php?rest_route=\/wp\/v2\/posts\/4812\/revisions"}],"predecessor-version":[{"id":4814,"href":"http:\/\/ffw-neuhaus.de\/index.php?rest_route=\/wp\/v2\/posts\/4812\/revisions\/4814"}],"wp:attachment":[{"href":"http:\/\/ffw-neuhaus.de\/index.php?rest_route=%2Fwp%2Fv2%2Fmedia&parent=4812"}],"wp:term":[{"taxonomy":"category","embeddable":true,"href":"http:\/\/ffw-neuhaus.de\/index.php?rest_route=%2Fwp%2Fv2%2Fcategories&post=4812"},{"taxonomy":"post_tag","embeddable":true,"href":"http:\/\/ffw-neuhaus.de\/index.php?rest_route=%2Fwp%2Fv2%2Ftags&post=4812"}],"curies":[{"name":"wp","href":"https:\/\/api.w.org\/{rel}","templated":true}]}}