{"id":779,"date":"2013-09-18T10:45:02","date_gmt":"2013-09-18T08:45:02","guid":{"rendered":"http:\/\/ffw-neuhaus.de\/?p=779"},"modified":"2013-09-21T10:21:28","modified_gmt":"2013-09-21T08:21:28","slug":"ffw-neuhaus-legt-leistungspruefung-ab","status":"publish","type":"post","link":"http:\/\/ffw-neuhaus.de\/?p=779","title":{"rendered":"FFW Neuhaus legt Leistungspr\u00fcfung ab"},"content":{"rendered":"<p>Die 77. Gruppe der FFW Neuhaus legte am Dienstag, den 17.09.2013 die Leistungspr\u00fcfung &#8222;Brand&#8220; ab. Besonderheit dabei war, dass alle Mannschaftler (ausgenommen Maschinist) sich zum ersten Mal der Pr\u00fcfung stellten um das Abzeichen in Bronze zu erlangen. So konnte jeder der Pr\u00fcflinge in der vorangegangenen \u00dcbungswoche sich auf seine festgelegte Position konzentrieren. Auch f\u00fcr unser neues Einsatzfahrzeug war es Premiere. Die Pr\u00fcfer bescheinigten den Teilnehmern eine saubere und routinierte Arbeit und konnten anschlie\u00dfend zur bestandenen Leistungspr\u00fcfung gratulieren. Bergler Tobias, Bogner Daniel,K\u00fchnel Fabian, Mayer Florian, Sch\u00f6nberger Raphael und Selch Fabian legten Stufe 1 ab, Neugirg Thomas Stufe 3 und Gruppenf\u00fchrer Mayer Benjamin Stufe 5.<\/p>\n\n\t\t<style type=\"text\/css\">\n\t\t\t#gallery-1 {\n\t\t\t\tmargin: auto;\n\t\t\t}\n\t\t\t#gallery-1 .gallery-item {\n\t\t\t\tfloat: left;\n\t\t\t\tmargin-top: 10px;\n\t\t\t\ttext-align: center;\n\t\t\t\twidth: 50%;\n\t\t\t}\n\t\t\t#gallery-1 img {\n\t\t\t\tborder: 2px solid #cfcfcf;\n\t\t\t}\n\t\t\t#gallery-1 .gallery-caption {\n\t\t\t\tmargin-left: 0;\n\t\t\t}\n\t\t\t\/* see gallery_shortcode() in wp-includes\/media.php *\/\n\t\t<\/style>\n\t\t<div id='gallery-1' class='gallery galleryid-779 gallery-columns-2 gallery-size-thumbnail'><dl class='gallery-item'>\n\t\t\t<dt class='gallery-icon landscape'>\n\t\t\t\t<a href='http:\/\/ffw-neuhaus.de\/?attachment_id=780'><img loading=\"lazy\" decoding=\"async\" width=\"150\" height=\"150\" src=\"http:\/\/ffw-neuhaus.de\/wordpress\/wp-content\/uploads\/2013\/09\/DSC_3824-1000x662-150x150.jpg\" class=\"attachment-thumbnail size-thumbnail\" alt=\"\" srcset=\"http:\/\/ffw-neuhaus.de\/wordpress\/wp-content\/uploads\/2013\/09\/DSC_3824-1000x662-150x150.jpg 150w, http:\/\/ffw-neuhaus.de\/wordpress\/wp-content\/uploads\/2013\/09\/DSC_3824-1000x662-115x115.jpg 115w\" sizes=\"auto, (max-width: 150px) 100vw, 150px\" \/><\/a>\n\t\t\t<\/dt><\/dl><dl class='gallery-item'>\n\t\t\t<dt class='gallery-icon landscape'>\n\t\t\t\t<a href='http:\/\/ffw-neuhaus.de\/?attachment_id=781'><img loading=\"lazy\" decoding=\"async\" width=\"150\" height=\"150\" src=\"http:\/\/ffw-neuhaus.de\/wordpress\/wp-content\/uploads\/2013\/09\/DSC_3830-1000x662-150x150.jpg\" class=\"attachment-thumbnail size-thumbnail\" alt=\"\" srcset=\"http:\/\/ffw-neuhaus.de\/wordpress\/wp-content\/uploads\/2013\/09\/DSC_3830-1000x662-150x150.jpg 150w, http:\/\/ffw-neuhaus.de\/wordpress\/wp-content\/uploads\/2013\/09\/DSC_3830-1000x662-115x115.jpg 115w\" sizes=\"auto, (max-width: 150px) 100vw, 150px\" \/><\/a>\n\t\t\t<\/dt><\/dl><br style=\"clear: both\" \/><dl class='gallery-item'>\n\t\t\t<dt class='gallery-icon landscape'>\n\t\t\t\t<a href='http:\/\/ffw-neuhaus.de\/?attachment_id=782'><img loading=\"lazy\" decoding=\"async\" width=\"150\" height=\"150\" src=\"http:\/\/ffw-neuhaus.de\/wordpress\/wp-content\/uploads\/2013\/09\/DSC_3831-1000x662-150x150.jpg\" class=\"attachment-thumbnail size-thumbnail\" alt=\"\" srcset=\"http:\/\/ffw-neuhaus.de\/wordpress\/wp-content\/uploads\/2013\/09\/DSC_3831-1000x662-150x150.jpg 150w, http:\/\/ffw-neuhaus.de\/wordpress\/wp-content\/uploads\/2013\/09\/DSC_3831-1000x662-115x115.jpg 115w\" sizes=\"auto, (max-width: 150px) 100vw, 150px\" \/><\/a>\n\t\t\t<\/dt><\/dl><dl class='gallery-item'>\n\t\t\t<dt class='gallery-icon landscape'>\n\t\t\t\t<a href='http:\/\/ffw-neuhaus.de\/?attachment_id=783'><img loading=\"lazy\" decoding=\"async\" width=\"150\" height=\"150\" src=\"http:\/\/ffw-neuhaus.de\/wordpress\/wp-content\/uploads\/2013\/09\/DSC_3837-1000x662-150x150.jpg\" class=\"attachment-thumbnail size-thumbnail\" alt=\"\" srcset=\"http:\/\/ffw-neuhaus.de\/wordpress\/wp-content\/uploads\/2013\/09\/DSC_3837-1000x662-150x150.jpg 150w, http:\/\/ffw-neuhaus.de\/wordpress\/wp-content\/uploads\/2013\/09\/DSC_3837-1000x662-115x115.jpg 115w\" sizes=\"auto, (max-width: 150px) 100vw, 150px\" \/><\/a>\n\t\t\t<\/dt><\/dl><br style=\"clear: both\" \/>\n\t\t<\/div>\n\n<h1>Zeitungsbericht im &#8222;Neuen Tag&#8220;:<\/h1>\n<h2>Premiere mit dem neuen L\u00f6schgruppenfahrzeug gegl\u00fcckt<\/h2>\n<h2>Neun Feuerwehrkameraden legen Leistungspr\u00fcfung Brand mit Bravour ab<\/h2>\n<p>Neuhaus <strong>(mlb)<\/strong> An diese Leistungspr\u00fcfung werden sich die neun Feuerwehrkameraden der Neuhauser Wehr wohl noch lange erinnern. Doppelte Last lag im Vorfeld auf den jungen M\u00e4nnern, die in den Stufen 1, 3 und 5 antraten: Einerseits war da das normale Lampenfieber, das sich in Pr\u00fcfungssituationen einstellt, andererseits waren sie die ersten, welche die Leistungspr\u00fcfung Brand am neuen L\u00f6schgruppenfahrzeug ablegten. Da sollte nat\u00fcrlich nichts schief gehen. Dank der fachkundigen und umfassenden Ausbildung durch Gruppenf\u00fchrer Fabian Zetzl meisterten die Feuerwehrkameraden ihre Aufgaben unter den wachsamen Augen der Schiedsrichter, Kreisbrandinspektor (KBI) Josef Kres sowie den beiden Kreisbrandmeistern (KBM) Uli Kraus und Martin List, jedoch mit Bravour. \u201eIhr habt die Sache im Griff!\u201c w\u00fcrdigte Josef Kres die Leistung der Pr\u00fcflinge, \u201eAuf die Feuerwehr Neuhaus ist eben Verlass.\u201c Auch Kommandant Andreas Bogner, der zusammen mit Ehrenkommandant Alfons Bergler die Pr\u00fcfung voller Interesse verfolgt hatte, zeigte sich stolz auf seine Mannen: \u201eSchon w\u00e4hrend der \u00dcbungen war deutlich, dass in dieser Gruppe die Kameradschaft stimmt.\u201c Er dankte Fabian Zetzl f\u00fcr die Ausbildung der Kameraden. Zugleich appellierte er an die Absolventen, bei den Leistungspr\u00fcfungen weiter so ehrgeizig bei der Sache zu sein.<\/p>\n","protected":false},"excerpt":{"rendered":"<p>Die 77. Gruppe der FFW Neuhaus legte am Dienstag, den 17.09.2013 die Leistungspr\u00fcfung &#8222;Brand&#8220; ab. Besonderheit dabei war, dass alle Mannschaftler (ausgenommen Maschinist) sich zum ersten Mal der Pr\u00fcfung stellten um das Abzeichen in Bronze zu erlangen. So konnte jeder &hellip; <a href=\"http:\/\/ffw-neuhaus.de\/?p=779\">Weiterlesen <span class=\"meta-nav\">&rarr;<\/span><\/a><\/p>\n","protected":false},"author":2,"featured_media":0,"comment_status":"closed","ping_status":"closed","sticky":false,"template":"","format":"standard","meta":{"footnotes":""},"categories":[12,11],"tags":[],"class_list":["post-779","post","type-post","status-publish","format-standard","hentry","category-uebung","category-aktuelles"],"_links":{"self":[{"href":"http:\/\/ffw-neuhaus.de\/index.php?rest_route=\/wp\/v2\/posts\/779","targetHints":{"allow":["GET"]}}],"collection":[{"href":"http:\/\/ffw-neuhaus.de\/index.php?rest_route=\/wp\/v2\/posts"}],"about":[{"href":"http:\/\/ffw-neuhaus.de\/index.php?rest_route=\/wp\/v2\/types\/post"}],"author":[{"embeddable":true,"href":"http:\/\/ffw-neuhaus.de\/index.php?rest_route=\/wp\/v2\/users\/2"}],"replies":[{"embeddable":true,"href":"http:\/\/ffw-neuhaus.de\/index.php?rest_route=%2Fwp%2Fv2%2Fcomments&post=779"}],"version-history":[{"count":5,"href":"http:\/\/ffw-neuhaus.de\/index.php?rest_route=\/wp\/v2\/posts\/779\/revisions"}],"predecessor-version":[{"id":790,"href":"http:\/\/ffw-neuhaus.de\/index.php?rest_route=\/wp\/v2\/posts\/779\/revisions\/790"}],"wp:attachment":[{"href":"http:\/\/ffw-neuhaus.de\/index.php?rest_route=%2Fwp%2Fv2%2Fmedia&parent=779"}],"wp:term":[{"taxonomy":"category","embeddable":true,"href":"http:\/\/ffw-neuhaus.de\/index.php?rest_route=%2Fwp%2Fv2%2Fcategories&post=779"},{"taxonomy":"post_tag","embeddable":true,"href":"http:\/\/ffw-neuhaus.de\/index.php?rest_route=%2Fwp%2Fv2%2Ftags&post=779"}],"curies":[{"name":"wp","href":"https:\/\/api.w.org\/{rel}","templated":true}]}}