{"id":791,"date":"2013-09-21T12:59:03","date_gmt":"2013-09-21T10:59:03","guid":{"rendered":"http:\/\/ffw-neuhaus.de\/?p=791"},"modified":"2013-09-21T12:59:03","modified_gmt":"2013-09-21T10:59:03","slug":"atemschutzgruppe-uebt-crashrettung","status":"publish","type":"post","link":"http:\/\/ffw-neuhaus.de\/?p=791","title":{"rendered":"Atemschutzgruppe \u00fcbt Crashrettung"},"content":{"rendered":"<p>Am Freitag Abend (20.09.2013) trafen sich die Atemschutzger\u00e4tetr\u00e4ger zur gemeinsamen \u00dcbung. Anfangs gab es eine kleine theoretische Einweisung zur neuen Sicherungstrupptasche. \u00dcbungsschwerpunkte waren das Ausr\u00fcsten im Fahrzeug und die Crashrettung eines verunfallten Ger\u00e4tetr\u00e4gers.<\/p>\n<p>Um Routine beim Ausr\u00fcsten im neuen Fahrzeug bei Einsatzfahrten zu erlangen, \u00fcbten wir dies ein weiteres mal. Als kleine H\u00fcrde wurde der \u00dcbungsteil in der dunklen Fahrzeughalle nur mit der Nachtbeleuchtung der Mannschaftskabine durchgef\u00fchrt.<\/p>\n<p>Im zweiten Teil der \u00dcbung ging es um die Crashrettung (die Art der Personenrettung bei der h\u00f6chste Eile geboten ist) eines verunfallten Atemschutzger\u00e4tetr\u00e4gers. Nachdem alle Varianten an unsere \u00dcbungspuppe gezeigt wurden, wurde auch so manche Rettungsmethode an dem ein oder anderen Kameraden ausprobiert.<\/p>\n\n\t\t<style type=\"text\/css\">\n\t\t\t#gallery-1 {\n\t\t\t\tmargin: auto;\n\t\t\t}\n\t\t\t#gallery-1 .gallery-item {\n\t\t\t\tfloat: left;\n\t\t\t\tmargin-top: 10px;\n\t\t\t\ttext-align: center;\n\t\t\t\twidth: 33%;\n\t\t\t}\n\t\t\t#gallery-1 img {\n\t\t\t\tborder: 2px solid #cfcfcf;\n\t\t\t}\n\t\t\t#gallery-1 .gallery-caption {\n\t\t\t\tmargin-left: 0;\n\t\t\t}\n\t\t\t\/* see gallery_shortcode() in wp-includes\/media.php *\/\n\t\t<\/style>\n\t\t<div id='gallery-1' class='gallery galleryid-791 gallery-columns-3 gallery-size-thumbnail'><dl class='gallery-item'>\n\t\t\t<dt class='gallery-icon portrait'>\n\t\t\t\t<a href='http:\/\/ffw-neuhaus.de\/?attachment_id=792'><img loading=\"lazy\" decoding=\"async\" width=\"150\" height=\"150\" src=\"http:\/\/ffw-neuhaus.de\/wordpress\/wp-content\/uploads\/2013\/09\/DSCI0518-1000x750-150x150.jpg\" class=\"attachment-thumbnail size-thumbnail\" alt=\"\" aria-describedby=\"gallery-1-792\" srcset=\"http:\/\/ffw-neuhaus.de\/wordpress\/wp-content\/uploads\/2013\/09\/DSCI0518-1000x750-150x150.jpg 150w, http:\/\/ffw-neuhaus.de\/wordpress\/wp-content\/uploads\/2013\/09\/DSCI0518-1000x750-115x115.jpg 115w\" sizes=\"auto, (max-width: 150px) 100vw, 150px\" \/><\/a>\n\t\t\t<\/dt>\n\t\t\t\t<dd class='wp-caption-text gallery-caption' id='gallery-1-792'>\n\t\t\t\tRettung mittels Bandschlingen und &#8222;Rettungswindel&#8220;\n\t\t\t\t<\/dd><\/dl><dl class='gallery-item'>\n\t\t\t<dt class='gallery-icon landscape'>\n\t\t\t\t<a href='http:\/\/ffw-neuhaus.de\/?attachment_id=793'><img loading=\"lazy\" decoding=\"async\" width=\"150\" height=\"150\" src=\"http:\/\/ffw-neuhaus.de\/wordpress\/wp-content\/uploads\/2013\/09\/DSCI0529-1000x750-150x150.jpg\" class=\"attachment-thumbnail size-thumbnail\" alt=\"\" srcset=\"http:\/\/ffw-neuhaus.de\/wordpress\/wp-content\/uploads\/2013\/09\/DSCI0529-1000x750-150x150.jpg 150w, http:\/\/ffw-neuhaus.de\/wordpress\/wp-content\/uploads\/2013\/09\/DSCI0529-1000x750-115x115.jpg 115w\" sizes=\"auto, (max-width: 150px) 100vw, 150px\" \/><\/a>\n\t\t\t<\/dt><\/dl><dl class='gallery-item'>\n\t\t\t<dt class='gallery-icon landscape'>\n\t\t\t\t<a href='http:\/\/ffw-neuhaus.de\/?attachment_id=794'><img loading=\"lazy\" decoding=\"async\" width=\"150\" height=\"150\" src=\"http:\/\/ffw-neuhaus.de\/wordpress\/wp-content\/uploads\/2013\/09\/DSCI0531-1000x750-150x150.jpg\" class=\"attachment-thumbnail size-thumbnail\" alt=\"\" srcset=\"http:\/\/ffw-neuhaus.de\/wordpress\/wp-content\/uploads\/2013\/09\/DSCI0531-1000x750-150x150.jpg 150w, http:\/\/ffw-neuhaus.de\/wordpress\/wp-content\/uploads\/2013\/09\/DSCI0531-1000x750-115x115.jpg 115w\" sizes=\"auto, (max-width: 150px) 100vw, 150px\" \/><\/a>\n\t\t\t<\/dt><\/dl><br style=\"clear: both\" \/>\n\t\t<\/div>\n\n","protected":false},"excerpt":{"rendered":"<p>Am Freitag Abend (20.09.2013) trafen sich die Atemschutzger\u00e4tetr\u00e4ger zur gemeinsamen \u00dcbung. Anfangs gab es eine kleine theoretische Einweisung zur neuen Sicherungstrupptasche. \u00dcbungsschwerpunkte waren das Ausr\u00fcsten im Fahrzeug und die Crashrettung eines verunfallten Ger\u00e4tetr\u00e4gers. Um Routine beim Ausr\u00fcsten im neuen Fahrzeug &hellip; <a href=\"http:\/\/ffw-neuhaus.de\/?p=791\">Weiterlesen <span class=\"meta-nav\">&rarr;<\/span><\/a><\/p>\n","protected":false},"author":2,"featured_media":0,"comment_status":"closed","ping_status":"closed","sticky":false,"template":"","format":"standard","meta":{"footnotes":""},"categories":[12,11],"tags":[],"class_list":["post-791","post","type-post","status-publish","format-standard","hentry","category-uebung","category-aktuelles"],"_links":{"self":[{"href":"http:\/\/ffw-neuhaus.de\/index.php?rest_route=\/wp\/v2\/posts\/791","targetHints":{"allow":["GET"]}}],"collection":[{"href":"http:\/\/ffw-neuhaus.de\/index.php?rest_route=\/wp\/v2\/posts"}],"about":[{"href":"http:\/\/ffw-neuhaus.de\/index.php?rest_route=\/wp\/v2\/types\/post"}],"author":[{"embeddable":true,"href":"http:\/\/ffw-neuhaus.de\/index.php?rest_route=\/wp\/v2\/users\/2"}],"replies":[{"embeddable":true,"href":"http:\/\/ffw-neuhaus.de\/index.php?rest_route=%2Fwp%2Fv2%2Fcomments&post=791"}],"version-history":[{"count":1,"href":"http:\/\/ffw-neuhaus.de\/index.php?rest_route=\/wp\/v2\/posts\/791\/revisions"}],"predecessor-version":[{"id":795,"href":"http:\/\/ffw-neuhaus.de\/index.php?rest_route=\/wp\/v2\/posts\/791\/revisions\/795"}],"wp:attachment":[{"href":"http:\/\/ffw-neuhaus.de\/index.php?rest_route=%2Fwp%2Fv2%2Fmedia&parent=791"}],"wp:term":[{"taxonomy":"category","embeddable":true,"href":"http:\/\/ffw-neuhaus.de\/index.php?rest_route=%2Fwp%2Fv2%2Fcategories&post=791"},{"taxonomy":"post_tag","embeddable":true,"href":"http:\/\/ffw-neuhaus.de\/index.php?rest_route=%2Fwp%2Fv2%2Ftags&post=791"}],"curies":[{"name":"wp","href":"https:\/\/api.w.org\/{rel}","templated":true}]}}