{"id":798,"date":"2013-10-01T19:48:18","date_gmt":"2013-10-01T17:48:18","guid":{"rendered":"http:\/\/ffw-neuhaus.de\/?p=798"},"modified":"2013-10-07T10:12:18","modified_gmt":"2013-10-07T08:12:18","slug":"erneut-leistungspruefung-abgelegt","status":"publish","type":"post","link":"http:\/\/ffw-neuhaus.de\/?p=798","title":{"rendered":"Erneut Leistungspr\u00fcfung abgelegt"},"content":{"rendered":"<p>Zwei Wochen nach der letzten Abnahme legten erneut 9 Kameraden der FFW Neuhaus die Leistungspr\u00fcfung &#8222;Brand&#8220; ab. Nach einer Woche \u00dcbung stand am Montag den 30.09.2013 die Pr\u00fcfung an. Das Schiedsrichtertrio KBI Kres Josef, KBM Kraus Uli und KBM List Martin bescheinigten der 78. Gruppe der Neuhauser Wehr sehr gute Leistungen in allen Aufgaben und gratulierten somit zur bestandenen Leistungspr\u00fcfung. F\u00fctterer Lukas , Kreinh\u00f6fner David, Kreinh\u00f6fner Jonas, Windschiegl Manuel und Witt Andreas legten Stufe 2 ab, Giehl Michael Stufe 3 und Schrott Benedikt Stufe 4. F\u00fcr Eibl Johannes und Sperr Johannes war es eine besondere Pr\u00fcfung, denn beide legten die Endstufe 6 Gold-Rot ab.<\/p>\n\n\t\t<style type=\"text\/css\">\n\t\t\t#gallery-1 {\n\t\t\t\tmargin: auto;\n\t\t\t}\n\t\t\t#gallery-1 .gallery-item {\n\t\t\t\tfloat: left;\n\t\t\t\tmargin-top: 10px;\n\t\t\t\ttext-align: center;\n\t\t\t\twidth: 50%;\n\t\t\t}\n\t\t\t#gallery-1 img {\n\t\t\t\tborder: 2px solid #cfcfcf;\n\t\t\t}\n\t\t\t#gallery-1 .gallery-caption {\n\t\t\t\tmargin-left: 0;\n\t\t\t}\n\t\t\t\/* see gallery_shortcode() in wp-includes\/media.php *\/\n\t\t<\/style>\n\t\t<div id='gallery-1' class='gallery galleryid-798 gallery-columns-2 gallery-size-thumbnail'><dl class='gallery-item'>\n\t\t\t<dt class='gallery-icon landscape'>\n\t\t\t\t<a href='http:\/\/ffw-neuhaus.de\/?attachment_id=799'><img loading=\"lazy\" decoding=\"async\" width=\"150\" height=\"150\" src=\"http:\/\/ffw-neuhaus.de\/wordpress\/wp-content\/uploads\/2013\/10\/DSC_4213-1000x662-150x150.jpg\" class=\"attachment-thumbnail size-thumbnail\" alt=\"\" srcset=\"http:\/\/ffw-neuhaus.de\/wordpress\/wp-content\/uploads\/2013\/10\/DSC_4213-1000x662-150x150.jpg 150w, http:\/\/ffw-neuhaus.de\/wordpress\/wp-content\/uploads\/2013\/10\/DSC_4213-1000x662-115x115.jpg 115w\" sizes=\"auto, (max-width: 150px) 100vw, 150px\" \/><\/a>\n\t\t\t<\/dt><\/dl><dl class='gallery-item'>\n\t\t\t<dt class='gallery-icon portrait'>\n\t\t\t\t<a href='http:\/\/ffw-neuhaus.de\/?attachment_id=800'><img loading=\"lazy\" decoding=\"async\" width=\"150\" height=\"150\" src=\"http:\/\/ffw-neuhaus.de\/wordpress\/wp-content\/uploads\/2013\/10\/DSC_4214-662x1000-150x150.jpg\" class=\"attachment-thumbnail size-thumbnail\" alt=\"\" srcset=\"http:\/\/ffw-neuhaus.de\/wordpress\/wp-content\/uploads\/2013\/10\/DSC_4214-662x1000-150x150.jpg 150w, http:\/\/ffw-neuhaus.de\/wordpress\/wp-content\/uploads\/2013\/10\/DSC_4214-662x1000-115x115.jpg 115w\" sizes=\"auto, (max-width: 150px) 100vw, 150px\" \/><\/a>\n\t\t\t<\/dt><\/dl><br style=\"clear: both\" \/><dl class='gallery-item'>\n\t\t\t<dt class='gallery-icon landscape'>\n\t\t\t\t<a href='http:\/\/ffw-neuhaus.de\/?attachment_id=801'><img loading=\"lazy\" decoding=\"async\" width=\"150\" height=\"150\" src=\"http:\/\/ffw-neuhaus.de\/wordpress\/wp-content\/uploads\/2013\/10\/DSC_4226-1000x662-150x150.jpg\" class=\"attachment-thumbnail size-thumbnail\" alt=\"\" srcset=\"http:\/\/ffw-neuhaus.de\/wordpress\/wp-content\/uploads\/2013\/10\/DSC_4226-1000x662-150x150.jpg 150w, http:\/\/ffw-neuhaus.de\/wordpress\/wp-content\/uploads\/2013\/10\/DSC_4226-1000x662-115x115.jpg 115w\" sizes=\"auto, (max-width: 150px) 100vw, 150px\" \/><\/a>\n\t\t\t<\/dt><\/dl><dl class='gallery-item'>\n\t\t\t<dt class='gallery-icon landscape'>\n\t\t\t\t<a href='http:\/\/ffw-neuhaus.de\/?attachment_id=802'><img loading=\"lazy\" decoding=\"async\" width=\"150\" height=\"150\" src=\"http:\/\/ffw-neuhaus.de\/wordpress\/wp-content\/uploads\/2013\/10\/DSC_4235-1000x662-150x150.jpg\" class=\"attachment-thumbnail size-thumbnail\" alt=\"\" srcset=\"http:\/\/ffw-neuhaus.de\/wordpress\/wp-content\/uploads\/2013\/10\/DSC_4235-1000x662-150x150.jpg 150w, http:\/\/ffw-neuhaus.de\/wordpress\/wp-content\/uploads\/2013\/10\/DSC_4235-1000x662-115x115.jpg 115w\" sizes=\"auto, (max-width: 150px) 100vw, 150px\" \/><\/a>\n\t\t\t<\/dt><\/dl><br style=\"clear: both\" \/>\n\t\t<\/div>\n\n<p>Artikel im &#8222;Neuen Tag&#8220;:<\/p>\n<h2>78. Gruppe schreibt Erfolgsgeschichte der Feuerwehr fort<\/h2>\n<h2>Leistungspr\u00fcfungsabsolventen kn\u00fcpfen an das gute Ergebnis ihrer Kameraden vor zwei Wochen an<\/h2>\n<p>Neuhaus\u00a0<b>(mlb) <\/b>\u201eEinmal Feuerwehr, immer Feuerwehr!\u201c \u2013 diese spontane Antwort des Ehrenkommandanten Alfons Bergler auf den Dank f\u00fcr sein anhaltendes Interesse an der Neuhauser Wehr stellte Andreas Bogner bei der Leistungspr\u00fcfung der 78. Gruppe vergangenen Montag quasi als Motto in den Raum. Der erste Kommandant ermunterte die neun Absolventen, die bei der vorausgehenden Pr\u00fcfung eine stolze Leistung gezeigt hatten, sich an diesen Leitsatz zu halten. \u201eVor allem in eurer Altersklasse haben wir eine starke Truppe\u201c, zollte Bogner den jungen M\u00e4nnern Respekt, \u201eIhr seid die Zukunft der Neuhauser Feuerwehr!\u201c Dazu geh\u00f6re auch, nach dem Absolvieren der sechs Pr\u00fcfungsstufen Verantwortung und Posten in der Feuerwehr zu \u00fcbernehmen. Der Kommandant zeigte sich jedoch angesichts des respektablen Pr\u00fcfungsergebnisses und einiger Kameraden, die bereits verschiedene Lehrg\u00e4nge besuchten, diesbez\u00fcglich guter Dinge. Wie Bogner weiter ausf\u00fchrte, sei er allgemein stolz auf seine Wehr, die innerhalb von nur 14 Tagen mittlerweile die zweite Pr\u00fcfungsgruppe am Start h\u00e4tte. Kreisbrandinspektor Josef Kres, der zusammen mit den Kreisbrandmeistern Uli Kraus und Martin List als Schiedsrichter fungierte, dankte den Kameraden f\u00fcr ihre Bereitschaft, zur Leistungspr\u00fcfung anzutreten. Er \u00fcberreichte Johannes Eibl und Johannes Sperr das goldrote Abzeichen f\u00fcr die Pr\u00fcfung in der Endstufe. Benedikt Schrott und Michael Giehl erhielten Goldblau bzw. Gold f\u00fcr\u00a0 die Leistungspr\u00fcfung in den Stufen vier und drei. Lukas F\u00fctterer, David und Jonas Kreinh\u00f6fner, Manuel Windschiegl und Andreas Witt \u00fcberreichte der Kreisbrandinspektor die silberne Anstecknadel der Stufe 2. \u201eWir brauchen jeden einzelnen in der Freiwilligen Feuerwehr!\u201c ermahnte Kres im Hinblick auf den Ernstfall. Vorstand Christian Windschiegl erinnerte seine Kameraden zudem daran, dass permanentes \u00dcben das A und O f\u00fcr \u00fcberlegtes Handeln bei den Eins\u00e4tzen sei. Er dankte den Kameraden der gesamten Wehr, allen voran aber den Pr\u00fcfungsabsolventen der 77. und 78. Gruppe, f\u00fcr ihre intensive Arbeit im Verein w\u00e4hrend des letzten Jahres:\u00a0 \u201eEs verdient allen Respekt, nach dem Kraftakt, den die Anschaffung der Fahrzeuge und das Fest zur Doppelfahrzeugweihe mit sich gebracht hat, auch gleich noch zwei Leistungsabzeichen innerhalb von zwei Wochen hinterher zu schieben.\u201c<\/p>\n","protected":false},"excerpt":{"rendered":"<p>Zwei Wochen nach der letzten Abnahme legten erneut 9 Kameraden der FFW Neuhaus die Leistungspr\u00fcfung &#8222;Brand&#8220; ab. Nach einer Woche \u00dcbung stand am Montag den 30.09.2013 die Pr\u00fcfung an. Das Schiedsrichtertrio KBI Kres Josef, KBM Kraus Uli und KBM List &hellip; <a href=\"http:\/\/ffw-neuhaus.de\/?p=798\">Weiterlesen <span class=\"meta-nav\">&rarr;<\/span><\/a><\/p>\n","protected":false},"author":2,"featured_media":0,"comment_status":"closed","ping_status":"closed","sticky":false,"template":"","format":"standard","meta":{"footnotes":""},"categories":[12,11],"tags":[],"class_list":["post-798","post","type-post","status-publish","format-standard","hentry","category-uebung","category-aktuelles"],"_links":{"self":[{"href":"http:\/\/ffw-neuhaus.de\/index.php?rest_route=\/wp\/v2\/posts\/798","targetHints":{"allow":["GET"]}}],"collection":[{"href":"http:\/\/ffw-neuhaus.de\/index.php?rest_route=\/wp\/v2\/posts"}],"about":[{"href":"http:\/\/ffw-neuhaus.de\/index.php?rest_route=\/wp\/v2\/types\/post"}],"author":[{"embeddable":true,"href":"http:\/\/ffw-neuhaus.de\/index.php?rest_route=\/wp\/v2\/users\/2"}],"replies":[{"embeddable":true,"href":"http:\/\/ffw-neuhaus.de\/index.php?rest_route=%2Fwp%2Fv2%2Fcomments&post=798"}],"version-history":[{"count":2,"href":"http:\/\/ffw-neuhaus.de\/index.php?rest_route=\/wp\/v2\/posts\/798\/revisions"}],"predecessor-version":[{"id":817,"href":"http:\/\/ffw-neuhaus.de\/index.php?rest_route=\/wp\/v2\/posts\/798\/revisions\/817"}],"wp:attachment":[{"href":"http:\/\/ffw-neuhaus.de\/index.php?rest_route=%2Fwp%2Fv2%2Fmedia&parent=798"}],"wp:term":[{"taxonomy":"category","embeddable":true,"href":"http:\/\/ffw-neuhaus.de\/index.php?rest_route=%2Fwp%2Fv2%2Fcategories&post=798"},{"taxonomy":"post_tag","embeddable":true,"href":"http:\/\/ffw-neuhaus.de\/index.php?rest_route=%2Fwp%2Fv2%2Ftags&post=798"}],"curies":[{"name":"wp","href":"https:\/\/api.w.org\/{rel}","templated":true}]}}