{"id":824,"date":"2013-10-29T12:11:31","date_gmt":"2013-10-29T11:11:31","guid":{"rendered":"http:\/\/ffw-neuhaus.de\/?p=824"},"modified":"2013-10-30T13:16:41","modified_gmt":"2013-10-30T12:16:41","slug":"helferessen-feierwehrfest","status":"publish","type":"post","link":"http:\/\/ffw-neuhaus.de\/?p=824","title":{"rendered":"Helferessen Feierwehrfest"},"content":{"rendered":"<h1>W\u00fcrdiger Abschluss der Doppelfahrzeugweihe<\/h1>\n<p>Am Samstag, den 26.10.2013 fand die letzte Veranstaltung im Festjahr des &#8222;Feierwehrfestes&#8220; statt. Im Schafferhof in Neuhaus luden wir alle Helfer zu einem bayerischen Buffet ein. Festleiter Andreas Egeter und 1. Vorstand Christian Windschiegl bedankten sich nochmals bei allen Helfern aus der ganzen Region rund um Neuhaus ohne die dieses Fest nicht zu stemmen gewesen w\u00e4re. Als kleines Dankesch\u00f6n \u00fcberreichte Christian Windschiegl jedem Mitglied des Festausschusses ein kleines Pr\u00e4sent als Dank f\u00fcr das gro\u00dfe Engagement \u00fcber die letzten Jahre. Auch die Festdamen \u00fcberreichten den Mitgliedern des Festausschuss jeweils ein gerahmtes Bild der 23 h\u00fcbschen M\u00e4dels.\u00a0Nach dem gespeist wurde ging es in der Tenne mit der Band &#8222;Effi &amp; Konsort\u00b4n&#8220; weiter, die bis sp\u00e4t in die Nacht mit einem bunt gemischten Programm kr\u00e4ftig einheizten. Da viele der Helfer w\u00e4hrend des Fahrzeugweihe weniger zum feiern kamen, kosteten wir die zus\u00e4tzliche Stunde dank der Zeitumstellung nat\u00fcrlich aus \ud83d\ude42<\/p>\n\n\t\t<style type=\"text\/css\">\n\t\t\t#gallery-1 {\n\t\t\t\tmargin: auto;\n\t\t\t}\n\t\t\t#gallery-1 .gallery-item {\n\t\t\t\tfloat: left;\n\t\t\t\tmargin-top: 10px;\n\t\t\t\ttext-align: center;\n\t\t\t\twidth: 50%;\n\t\t\t}\n\t\t\t#gallery-1 img {\n\t\t\t\tborder: 2px solid #cfcfcf;\n\t\t\t}\n\t\t\t#gallery-1 .gallery-caption {\n\t\t\t\tmargin-left: 0;\n\t\t\t}\n\t\t\t\/* see gallery_shortcode() in wp-includes\/media.php *\/\n\t\t<\/style>\n\t\t<div id='gallery-1' class='gallery galleryid-824 gallery-columns-2 gallery-size-thumbnail'><dl class='gallery-item'>\n\t\t\t<dt class='gallery-icon landscape'>\n\t\t\t\t<a href='http:\/\/ffw-neuhaus.de\/?attachment_id=831'><img loading=\"lazy\" decoding=\"async\" width=\"150\" height=\"150\" src=\"http:\/\/ffw-neuhaus.de\/wordpress\/wp-content\/uploads\/2013\/10\/DSC_4240-150x150.jpg\" class=\"attachment-thumbnail size-thumbnail\" alt=\"\" srcset=\"http:\/\/ffw-neuhaus.de\/wordpress\/wp-content\/uploads\/2013\/10\/DSC_4240-150x150.jpg 150w, http:\/\/ffw-neuhaus.de\/wordpress\/wp-content\/uploads\/2013\/10\/DSC_4240-115x115.jpg 115w\" sizes=\"auto, (max-width: 150px) 100vw, 150px\" \/><\/a>\n\t\t\t<\/dt><\/dl><dl class='gallery-item'>\n\t\t\t<dt class='gallery-icon landscape'>\n\t\t\t\t<a href='http:\/\/ffw-neuhaus.de\/?attachment_id=828'><img loading=\"lazy\" decoding=\"async\" width=\"150\" height=\"150\" src=\"http:\/\/ffw-neuhaus.de\/wordpress\/wp-content\/uploads\/2013\/10\/DSC_4350-150x150.jpg\" class=\"attachment-thumbnail size-thumbnail\" alt=\"\" srcset=\"http:\/\/ffw-neuhaus.de\/wordpress\/wp-content\/uploads\/2013\/10\/DSC_4350-150x150.jpg 150w, http:\/\/ffw-neuhaus.de\/wordpress\/wp-content\/uploads\/2013\/10\/DSC_4350-115x115.jpg 115w\" sizes=\"auto, (max-width: 150px) 100vw, 150px\" \/><\/a>\n\t\t\t<\/dt><\/dl><br style=\"clear: both\" \/><dl class='gallery-item'>\n\t\t\t<dt class='gallery-icon landscape'>\n\t\t\t\t<a href='http:\/\/ffw-neuhaus.de\/?attachment_id=829'><img loading=\"lazy\" decoding=\"async\" width=\"150\" height=\"150\" src=\"http:\/\/ffw-neuhaus.de\/wordpress\/wp-content\/uploads\/2013\/10\/DSC_4300-150x150.jpg\" class=\"attachment-thumbnail size-thumbnail\" alt=\"\" srcset=\"http:\/\/ffw-neuhaus.de\/wordpress\/wp-content\/uploads\/2013\/10\/DSC_4300-150x150.jpg 150w, http:\/\/ffw-neuhaus.de\/wordpress\/wp-content\/uploads\/2013\/10\/DSC_4300-115x115.jpg 115w\" sizes=\"auto, (max-width: 150px) 100vw, 150px\" \/><\/a>\n\t\t\t<\/dt><\/dl><dl class='gallery-item'>\n\t\t\t<dt class='gallery-icon landscape'>\n\t\t\t\t<a href='http:\/\/ffw-neuhaus.de\/?attachment_id=830'><img loading=\"lazy\" decoding=\"async\" width=\"150\" height=\"150\" src=\"http:\/\/ffw-neuhaus.de\/wordpress\/wp-content\/uploads\/2013\/10\/DSC_4267-150x150.jpg\" class=\"attachment-thumbnail size-thumbnail\" alt=\"\" srcset=\"http:\/\/ffw-neuhaus.de\/wordpress\/wp-content\/uploads\/2013\/10\/DSC_4267-150x150.jpg 150w, http:\/\/ffw-neuhaus.de\/wordpress\/wp-content\/uploads\/2013\/10\/DSC_4267-115x115.jpg 115w\" sizes=\"auto, (max-width: 150px) 100vw, 150px\" \/><\/a>\n\t\t\t<\/dt><\/dl><br style=\"clear: both\" \/>\n\t\t<\/div>\n\n<h2><\/h2>\n<h2>\u00a0Zeitungsbericht im &#8222;Neuen Tag&#8220;:<\/h2>\n<p>&nbsp;<\/p>\n<h2>\u201e\u2026so ein Fest haben wir noch nicht gesehen!\u201c<\/h2>\n<p>Helfer-Fest mit \u201eEffi &amp; Konsort\u00b4n\u201c als Dank f\u00fcr die Unterst\u00fctzung bei der Doppelfahrzeugweihe<\/p>\n<p>Neuhaus\u00a0<b>(mlb)\u00a0<\/b>\u201eVier Tage Fest, vier Tage Stimmung, vier Tage ein volles Zelt und viele flei\u00dfige H\u00e4nde \u2026viele haben gesagt, so ein Fest haben wir noch nicht gesehen!\u201c \u2013 Begeisterung und Stolz schwangen auch nach fast einem halben Jahr noch un\u00fcberh\u00f6rbar mit als Andreas Egeter einen R\u00fcckblick auf die Festivit\u00e4ten zur Doppelfahrzeugweihe wagte. Zusammen mit Christian Windschiegl, ersten Vorstand der Neuhauser Feuerwehr, dankte der Festleiter am vergangenen Samstag den vielen freiwilligen Helfern, die w\u00e4hrend des viert\u00e4gigen Festwochenendes die Feuerwehrkameraden tatkr\u00e4ftig unterst\u00fctzt hatten. \u201eHeute vor genau einem Jahr haben wir das Ganze mit dem Patenbitten begonnen\u201c, erinnerte sich Windschiegl an den Beginn des Festjahres. Ohne die Unterst\u00fctzung der Bev\u00f6lkerung, so die Redner, w\u00e4re eine derartig grandiose Veranstaltung nicht durchf\u00fchrbar gewesen. Wie Egeter berichtete, waren mehr als 200 Helfer in \u00fcber 300 Arbeitsschichten am Start. Dadurch verliefen alle vier Festabende trotz der gro\u00dfen Besucherzahl im permanent gef\u00fcllten 2000-Mann-Zelt durchg\u00e4ngig reibungslos. Das viert\u00e4gige Feuerwehrfest wurde somit zu einem Riesenerfolg. Windschiegl dankte seinen Kollegen aus dem Festausschuss, allen voran Festleiter Andreas Egeter, f\u00fcr ihr Engagement und ihre Unterst\u00fctzung bei der Planung und Durchf\u00fchrung der Doppelfahrzeugweihe. Dem schlossen sich die Festdamen an, die den Mitgliedern des Festausschusses zur Erinnerung ein Gruppenfoto \u00fcberreichten. Standesgem\u00e4\u00df ging es auch nach dem kurzen offiziellen Teil f\u00fcr die eingeladenen Helfer weiter. Mit einem reichhaltigem Bayrischen Buffet und einer gro\u00dfartigen Party mit \u201eEffi &amp; Konsort\u00b4n\u201c in der Tenne des Schafferhofes kn\u00fcpften die Feuerwehrkameraden quasi direkt an die Feststimmung vom Pfingstwochenende an, nur dass diesmal die Mitarbeiter von damals selbst zum Feiern geladen waren.<\/p>\n","protected":false},"excerpt":{"rendered":"<p>W\u00fcrdiger Abschluss der Doppelfahrzeugweihe Am Samstag, den 26.10.2013 fand die letzte Veranstaltung im Festjahr des &#8222;Feierwehrfestes&#8220; statt. Im Schafferhof in Neuhaus luden wir alle Helfer zu einem bayerischen Buffet ein. Festleiter Andreas Egeter und 1. Vorstand Christian Windschiegl bedankten sich &hellip; <a href=\"http:\/\/ffw-neuhaus.de\/?p=824\">Weiterlesen <span class=\"meta-nav\">&rarr;<\/span><\/a><\/p>\n","protected":false},"author":2,"featured_media":0,"comment_status":"closed","ping_status":"closed","sticky":false,"template":"","format":"standard","meta":{"footnotes":""},"categories":[11,13],"tags":[],"class_list":["post-824","post","type-post","status-publish","format-standard","hentry","category-aktuelles","category-verein"],"_links":{"self":[{"href":"http:\/\/ffw-neuhaus.de\/index.php?rest_route=\/wp\/v2\/posts\/824","targetHints":{"allow":["GET"]}}],"collection":[{"href":"http:\/\/ffw-neuhaus.de\/index.php?rest_route=\/wp\/v2\/posts"}],"about":[{"href":"http:\/\/ffw-neuhaus.de\/index.php?rest_route=\/wp\/v2\/types\/post"}],"author":[{"embeddable":true,"href":"http:\/\/ffw-neuhaus.de\/index.php?rest_route=\/wp\/v2\/users\/2"}],"replies":[{"embeddable":true,"href":"http:\/\/ffw-neuhaus.de\/index.php?rest_route=%2Fwp%2Fv2%2Fcomments&post=824"}],"version-history":[{"count":4,"href":"http:\/\/ffw-neuhaus.de\/index.php?rest_route=\/wp\/v2\/posts\/824\/revisions"}],"predecessor-version":[{"id":839,"href":"http:\/\/ffw-neuhaus.de\/index.php?rest_route=\/wp\/v2\/posts\/824\/revisions\/839"}],"wp:attachment":[{"href":"http:\/\/ffw-neuhaus.de\/index.php?rest_route=%2Fwp%2Fv2%2Fmedia&parent=824"}],"wp:term":[{"taxonomy":"category","embeddable":true,"href":"http:\/\/ffw-neuhaus.de\/index.php?rest_route=%2Fwp%2Fv2%2Fcategories&post=824"},{"taxonomy":"post_tag","embeddable":true,"href":"http:\/\/ffw-neuhaus.de\/index.php?rest_route=%2Fwp%2Fv2%2Ftags&post=824"}],"curies":[{"name":"wp","href":"https:\/\/api.w.org\/{rel}","templated":true}]}}