{"id":914,"date":"2013-12-17T16:53:24","date_gmt":"2013-12-17T15:53:24","guid":{"rendered":"http:\/\/ffw-neuhaus.de\/?p=914"},"modified":"2013-12-17T16:53:24","modified_gmt":"2013-12-17T15:53:24","slug":"44-14-12-2013-vu-st2181","status":"publish","type":"post","link":"http:\/\/ffw-neuhaus.de\/?p=914","title":{"rendered":"#44 &#8211; 14.12.2013 &#8211; VU &#8211; St2181"},"content":{"rendered":"<p><strong>Datum:<\/strong>\u00a0 14.12.2013<br \/>\n<strong>Uhrzeit:<\/strong>\u00a022:44<br \/>\n<strong>Alamierung:<\/strong>\u00a0kleine Schleife<br \/>\n<strong> Ort:<\/strong> St2181 &#8211; zwischen Lindenhof und Schnackenhof<br \/>\n<strong>Mannschaft:<\/strong> 1\/11<br \/>\n<strong>Meldung:<\/strong>\u00a0VU \u2013 1 Person eingeklemmt \u2013 insgesamt 2 Verletzte<br \/>\nEin 24-j\u00e4hriger aus dem Landkreis Amberg-Sulzbach war mit seinem Dacia Duster unterwegs in Richtung Tirschenreuth. In dem Waldst\u00fcck zwischen Lindenhof und Schnackenhof kreuzte ein Wildschwein die Fahrbahn welches mit dem Fahrzeug frontal kollidierte. Dabei kam das Fahrzeug links von der Fahrbahn ab und prallte ca. 70m weiter gegen einen Baum. Bei dem Unfall wurde das Fahrzeug so deformiert, dass beide Insassen eingeklemmt wurden. Die Kameraden der FFW Windischeschenbach befreiten die Personen mit hydraulischem Rettungsger\u00e4t. F\u00fcr den 28-j\u00e4hrigen kam leider jede Hilfe zu sp\u00e4t. Trotz Reanimationsversuche durch das BRK verstarb er noch an der Unfallstelle. Der Fahrer wurde mit mittelschweren Verletzungen ins Klinikum Weiden eingeliefert.<br \/>\nWir sicherten die Unfallstelle ab und leuchteten diese aus. Nachdem ein Sachverst\u00e4ndiger vor Ort war reinigten wir noch die Fahrbahn.<br \/>\n<strong>Eingesetzte Fahrzeuge:<\/strong> LF10, MTW,<br \/>\n<strong>Einsatzende:<\/strong>\u00a02:30<br \/>\n<strong>Alarmierte Feuerwehren:<\/strong> Neuhaus, Windischeschenbach<\/p>\n\n\t\t<style type=\"text\/css\">\n\t\t\t#gallery-1 {\n\t\t\t\tmargin: auto;\n\t\t\t}\n\t\t\t#gallery-1 .gallery-item {\n\t\t\t\tfloat: left;\n\t\t\t\tmargin-top: 10px;\n\t\t\t\ttext-align: center;\n\t\t\t\twidth: 33%;\n\t\t\t}\n\t\t\t#gallery-1 img {\n\t\t\t\tborder: 2px solid #cfcfcf;\n\t\t\t}\n\t\t\t#gallery-1 .gallery-caption {\n\t\t\t\tmargin-left: 0;\n\t\t\t}\n\t\t\t\/* see gallery_shortcode() in wp-includes\/media.php *\/\n\t\t<\/style>\n\t\t<div id='gallery-1' class='gallery galleryid-914 gallery-columns-3 gallery-size-thumbnail'><dl class='gallery-item'>\n\t\t\t<dt class='gallery-icon landscape'>\n\t\t\t\t<a href='http:\/\/ffw-neuhaus.de\/?attachment_id=917'><img loading=\"lazy\" decoding=\"async\" width=\"150\" height=\"150\" src=\"http:\/\/ffw-neuhaus.de\/wordpress\/wp-content\/uploads\/2013\/12\/VU_1412-2-150x150.jpg\" class=\"attachment-thumbnail size-thumbnail\" alt=\"\" aria-describedby=\"gallery-1-917\" srcset=\"http:\/\/ffw-neuhaus.de\/wordpress\/wp-content\/uploads\/2013\/12\/VU_1412-2-150x150.jpg 150w, http:\/\/ffw-neuhaus.de\/wordpress\/wp-content\/uploads\/2013\/12\/VU_1412-2-115x115.jpg 115w\" sizes=\"auto, (max-width: 150px) 100vw, 150px\" \/><\/a>\n\t\t\t<\/dt>\n\t\t\t\t<dd class='wp-caption-text gallery-caption' id='gallery-1-917'>\n\t\t\t\tQuelle: Der Neue Tag\n\t\t\t\t<\/dd><\/dl><dl class='gallery-item'>\n\t\t\t<dt class='gallery-icon landscape'>\n\t\t\t\t<a href='http:\/\/ffw-neuhaus.de\/?attachment_id=916'><img loading=\"lazy\" decoding=\"async\" width=\"150\" height=\"150\" src=\"http:\/\/ffw-neuhaus.de\/wordpress\/wp-content\/uploads\/2013\/12\/VU_1412-1-150x150.jpg\" class=\"attachment-thumbnail size-thumbnail\" alt=\"\" srcset=\"http:\/\/ffw-neuhaus.de\/wordpress\/wp-content\/uploads\/2013\/12\/VU_1412-1-150x150.jpg 150w, http:\/\/ffw-neuhaus.de\/wordpress\/wp-content\/uploads\/2013\/12\/VU_1412-1-115x115.jpg 115w\" sizes=\"auto, (max-width: 150px) 100vw, 150px\" \/><\/a>\n\t\t\t<\/dt><\/dl>\n\t\t\t<br style='clear: both' \/>\n\t\t<\/div>\n\n","protected":false},"excerpt":{"rendered":"<p>Datum:\u00a0 14.12.2013 Uhrzeit:\u00a022:44 Alamierung:\u00a0kleine Schleife Ort: St2181 &#8211; zwischen Lindenhof und Schnackenhof Mannschaft: 1\/11 Meldung:\u00a0VU \u2013 1 Person eingeklemmt \u2013 insgesamt 2 Verletzte Ein 24-j\u00e4hriger aus dem Landkreis Amberg-Sulzbach war mit seinem Dacia Duster unterwegs in Richtung Tirschenreuth. In dem &hellip; <a href=\"http:\/\/ffw-neuhaus.de\/?p=914\">Weiterlesen <span class=\"meta-nav\">&rarr;<\/span><\/a><\/p>\n","protected":false},"author":2,"featured_media":0,"comment_status":"closed","ping_status":"closed","sticky":false,"template":"","format":"standard","meta":{"footnotes":""},"categories":[5],"tags":[],"class_list":["post-914","post","type-post","status-publish","format-standard","hentry","category-einsaetze-2013"],"_links":{"self":[{"href":"http:\/\/ffw-neuhaus.de\/index.php?rest_route=\/wp\/v2\/posts\/914","targetHints":{"allow":["GET"]}}],"collection":[{"href":"http:\/\/ffw-neuhaus.de\/index.php?rest_route=\/wp\/v2\/posts"}],"about":[{"href":"http:\/\/ffw-neuhaus.de\/index.php?rest_route=\/wp\/v2\/types\/post"}],"author":[{"embeddable":true,"href":"http:\/\/ffw-neuhaus.de\/index.php?rest_route=\/wp\/v2\/users\/2"}],"replies":[{"embeddable":true,"href":"http:\/\/ffw-neuhaus.de\/index.php?rest_route=%2Fwp%2Fv2%2Fcomments&post=914"}],"version-history":[{"count":2,"href":"http:\/\/ffw-neuhaus.de\/index.php?rest_route=\/wp\/v2\/posts\/914\/revisions"}],"predecessor-version":[{"id":918,"href":"http:\/\/ffw-neuhaus.de\/index.php?rest_route=\/wp\/v2\/posts\/914\/revisions\/918"}],"wp:attachment":[{"href":"http:\/\/ffw-neuhaus.de\/index.php?rest_route=%2Fwp%2Fv2%2Fmedia&parent=914"}],"wp:term":[{"taxonomy":"category","embeddable":true,"href":"http:\/\/ffw-neuhaus.de\/index.php?rest_route=%2Fwp%2Fv2%2Fcategories&post=914"},{"taxonomy":"post_tag","embeddable":true,"href":"http:\/\/ffw-neuhaus.de\/index.php?rest_route=%2Fwp%2Fv2%2Ftags&post=914"}],"curies":[{"name":"wp","href":"https:\/\/api.w.org\/{rel}","templated":true}]}}