{"id":2497,"date":"2017-05-12T07:29:23","date_gmt":"2017-05-12T05:29:23","guid":{"rendered":"http:\/\/ffw-neuhaus.de\/?p=2497"},"modified":"2017-05-12T07:29:23","modified_gmt":"2017-05-12T05:29:23","slug":"16-09-05-2017-thl-vu-bab-93","status":"publish","type":"post","link":"https:\/\/ffw-neuhaus.de\/?p=2497","title":{"rendered":"#16 &#8211; 09.05.2017 &#8211; THL &#8211; VU BAB-93"},"content":{"rendered":"<p><strong>Datum:<\/strong> 09<span class=\"cmp_parsed_date\" data-ce-class=\"Dates\" data-cmp_parsed_date=\"2016-06-20\">.05.2017<\/span><br \/>\n<strong>Uhrzeit:<\/strong> 10:49 Uhr<br \/>\n<strong>Alarmierung:\u00a0 <\/strong>gro\u00dfe Schleife<br \/>\n<strong>Ort:<\/strong> BAB-93<br \/>\n<strong>Mannschaft:<\/strong> 1\/4<br \/>\n<strong>Meldung:<\/strong> VU LKW<br \/>\n<strong>Eingesetzte Fahrzeuge:\u00a0<\/strong> LF-10, MTW, VSA<br \/>\n<strong>Einsatzende: <\/strong>12:15 Uhr<br \/>\n<strong>Alarmierte Feuerwehren: <\/strong>Neuhaus, Windischeschenbach, Neustadt, Altenstadt<\/p>\n<p>Auf der A 93, Fahrtrichtung S\u00fcden kam es zu einem folgenschweren Verkehrsunfall. Ein Team der Autobahnmeisterei war mit S\u00e4uberungsarbeiten besch\u00e4ftigt. Ihr Kleintransporter mit Pritschenaufbau war hierf\u00fcr auf dem Standstreifen ordnungsgem\u00e4\u00df abgesichert abgestellt. Ein Arbeiter befand sich auf der Ladefl\u00e4che des Transporters und reichte seinen beiden Kolle<span class=\"text_exposed_show\">gen, welche auf der Standspur rechts neben dem Lkw standen, Arbeitsger\u00e4te.<\/span><\/p>\n<div class=\"text_exposed_show\">\n<p>Zu dieser Zeit fuhr ein 56-j\u00e4hriger mit seinem Sattelzug aus Unachtsamkeit zu weit rechts und prallte mit seiner rechten Fahrzeugseite in das linke Fahrzeugheck des Kleintransporters. Dabei wurde einer der Arbeiter von der Arbeitsfl\u00e4che geschleudert und erlitt dabei mittelschwere Verletzungen. Er wurde mit dem Rettungshubschrauber ins Klinikum gebracht. Seine beiden Kollegen wurden ebenfalls leicht verletzt.<\/p>\n<p>W\u00e4hrend des Hubschraubereinsatzes richteten wir eine Totalsperre auf der Autobahn ein. Sp\u00e4ter konnten wir den Verkehr auf der linken Fahrspur freigeben.<\/p>\n<\/div>\n","protected":false},"excerpt":{"rendered":"<p>Datum: 09.05.2017 Uhrzeit: 10:49 Uhr Alarmierung:\u00a0 gro\u00dfe Schleife Ort: BAB-93 Mannschaft: 1\/4 Meldung: VU LKW Eingesetzte Fahrzeuge:\u00a0 LF-10, MTW, VSA Einsatzende: 12:15 Uhr Alarmierte Feuerwehren: Neuhaus, Windischeschenbach, Neustadt, Altenstadt Auf der A 93, Fahrtrichtung S\u00fcden kam es zu einem folgenschweren &hellip; <a href=\"https:\/\/ffw-neuhaus.de\/?p=2497\">Weiterlesen <span class=\"meta-nav\">&rarr;<\/span><\/a><\/p>\n","protected":false},"author":3,"featured_media":0,"comment_status":"closed","ping_status":"closed","sticky":false,"template":"","format":"standard","meta":{"footnotes":""},"categories":[16,23],"tags":[],"class_list":["post-2497","post","type-post","status-publish","format-standard","hentry","category-einsaetze","category-einsaetze-2017"],"_links":{"self":[{"href":"https:\/\/ffw-neuhaus.de\/index.php?rest_route=\/wp\/v2\/posts\/2497","targetHints":{"allow":["GET"]}}],"collection":[{"href":"https:\/\/ffw-neuhaus.de\/index.php?rest_route=\/wp\/v2\/posts"}],"about":[{"href":"https:\/\/ffw-neuhaus.de\/index.php?rest_route=\/wp\/v2\/types\/post"}],"author":[{"embeddable":true,"href":"https:\/\/ffw-neuhaus.de\/index.php?rest_route=\/wp\/v2\/users\/3"}],"replies":[{"embeddable":true,"href":"https:\/\/ffw-neuhaus.de\/index.php?rest_route=%2Fwp%2Fv2%2Fcomments&post=2497"}],"version-history":[{"count":1,"href":"https:\/\/ffw-neuhaus.de\/index.php?rest_route=\/wp\/v2\/posts\/2497\/revisions"}],"predecessor-version":[{"id":2498,"href":"https:\/\/ffw-neuhaus.de\/index.php?rest_route=\/wp\/v2\/posts\/2497\/revisions\/2498"}],"wp:attachment":[{"href":"https:\/\/ffw-neuhaus.de\/index.php?rest_route=%2Fwp%2Fv2%2Fmedia&parent=2497"}],"wp:term":[{"taxonomy":"category","embeddable":true,"href":"https:\/\/ffw-neuhaus.de\/index.php?rest_route=%2Fwp%2Fv2%2Fcategories&post=2497"},{"taxonomy":"post_tag","embeddable":true,"href":"https:\/\/ffw-neuhaus.de\/index.php?rest_route=%2Fwp%2Fv2%2Ftags&post=2497"}],"curies":[{"name":"wp","href":"https:\/\/api.w.org\/{rel}","templated":true}]}}